{"id":63114,"date":"2025-12-01T17:10:08","date_gmt":"2025-12-01T17:10:08","guid":{"rendered":"https:\/\/www.europesays.com\/lv\/63114\/"},"modified":"2025-12-01T17:10:08","modified_gmt":"2025-12-01T17:10:08","slug":"gruzijas-drosibas-speki-protestu-laika-izmantojusi-pirma-pasaules-kara-kimisko-ieroci-raksts","status":"publish","type":"post","link":"https:\/\/www.europesays.com\/lv\/63114\/","title":{"rendered":"Gruzijas dro\u0161\u012bbas sp\u0113ki protestu laik\u0101 izmantoju\u0161i Pirm\u0101 pasaules kara \u0137\u012bmisko ieroci \/ Raksts"},"content":{"rendered":"<p>Britu raidsabiedr\u012bba BBC izp\u0113t\u012bjusi, ka Gruzij\u0101 dro\u0161\u012bbas sp\u0113ki pret cilv\u0113kiem protestu laik\u0101\u00a0izmantoju\u0161i Pirmaj\u0101 pasaules kar\u0101 izmantoto\u00a0\u0137\u012bmisku vielu.<\/p>\n<p>Medija p\u0101rst\u0101vji run\u0101ju\u0161i ar \u0137\u012bmisko iero\u010du ekspertiem, trauksmes c\u0113l\u0101jiem no Gruzijas policijas un \u0101rstiem, ieg\u016bstot pier\u0101d\u012bjumus, ka pret cilv\u0113kiem izmantota viela, ko Francijas armija d\u0113v\u0113 par &#8220;kam\u012btu&#8221;.<\/p>\n<p>Gruzijas varas iest\u0101des pazi\u0146oju\u0161as, ka BBC izmekl\u0113\u0161anas atkl\u0101jumi ir absurdi un ka policija ir r\u012bkojusies likum\u012bgi, rea\u0123\u0113jot uz ne\u017e\u0113l\u012bgu noziedznieku nelikum\u012bgaj\u0101m darb\u012bb\u0101m.<\/p>\n<blockquote>\n<p>Aizdomas par \u0137\u012bmiskas vielas pievieno\u0161anu \u016bdenim, ko no lielgabala pret cilv\u0113kiem v\u0113rsusi policija, radu\u0161\u0101s vienam no \u0101rstiem, kur\u0161 apmekl\u0113jis protestus.<\/p>\n<\/blockquote>\n<p>Dedzino\u0161a saj\u016bta uz \u0101das ilgusi daudzas dienas. \u0160\u0101di un v\u0113l citi simptomi, piem\u0113ram, galvass\u0101pes, nogurums, klepus, elpas tr\u016bkums un vem\u0161ana, biju\u0161i v\u0113l daudziem desmitiem protestos pabiju\u0161o cilv\u0113ku.<\/p>\n<p>BBC atkl\u0101jis, ka \u016bdenim pievienots kam\u012bts jeb\u00a0viela, ko Pirm\u0101 pasaules kara laik\u0101 pret V\u0101ciju izmantoja Francija. P\u0113c Pirm\u0101 pasaules kara policija ASV \u012bslaic\u012bgi izmantoja kam\u012btu k\u0101 nemieru apspie\u0161anas l\u012bdzekli, bet no t\u0101 atteic\u0101s, jo tika izgudrotas dro\u0161\u0101kas alternat\u012bvas, piem\u0113ram, asaru g\u0101ze.<\/p>\n<p>                    Valodas k\u013c\u016bda rakst\u0101?<\/p>\n<p class=\"d-none d-md-block\">Iez\u012bm\u0113jiet tekstu un spiediet Ctrl+Enter, lai nos\u016bt\u012btu labojamo teksta fragmentu redaktoram! Par faktu k\u013c\u016bd\u0101m l\u016bdzam zi\u0146ot e-past\u0101 <a href=\"https:\/\/www.lsm.lv\/cdn-cgi\/l\/email-protection\" class=\"__cf_email__\" data-cfemail=\"186a7d7c79737b71727958746b7536746e\" rel=\"nofollow noopener\" target=\"_blank\">[email\u00a0protected]<\/a>.<\/p>\n<p class=\"d-md-none\">Iez\u012bm\u0113jiet tekstu un spiediet uz Zi\u0146ot par k\u013c\u016bdu pogas, lai nos\u016bt\u012btu labojamo teksta fragmentu redaktoram!<\/p>\n<p>\n                    Zi\u0146ot par k\u013c\u016bdu\n                <\/p>\n","protected":false},"excerpt":{"rendered":"Britu raidsabiedr\u012bba BBC izp\u0113t\u012bjusi, ka Gruzij\u0101 dro\u0161\u012bbas sp\u0113ki pret cilv\u0113kiem protestu laik\u0101\u00a0izmantoju\u0161i Pirmaj\u0101 pasaules kar\u0101 izmantoto\u00a0\u0137\u012bmisku vielu. Medija&hellip;\n","protected":false},"author":2,"featured_media":63115,"comment_status":"","ping_status":"","sticky":false,"template":"","format":"standard","meta":{"footnotes":""},"categories":[14],"tags":[23,57,28,29,32,33,22,30,31,35,39,38,36,37,34,40,20,26,27,24,25,54,55,56,21,58],"class_list":{"0":"post-63114","1":"post","2":"type-post","3":"status-publish","4":"format-standard","5":"has-post-thumbnail","7":"category-zinas-no-arvalstim","8":"tag-aktualitates","9":"tag-arvalstim","10":"tag-breaking-news","11":"tag-breakingnews","12":"tag-featured-news","13":"tag-featurednews","14":"tag-headlines","15":"tag-latest-news","16":"tag-latestnews","17":"tag-latvia","18":"tag-latvian","19":"tag-latviesu","20":"tag-latviesu-valoda","21":"tag-latviesuvaloda","22":"tag-latvija","23":"tag-lv","24":"tag-news","25":"tag-popularakas-zinas","26":"tag-popularakaszinas","27":"tag-top-stories","28":"tag-topstories","29":"tag-world","30":"tag-world-news","31":"tag-worldnews","32":"tag-zinas","33":"tag-zinas-no-arvalstim"},"share_on_mastodon":{"url":"https:\/\/pubeurope.com\/@lv\/115645423507442122","error":""},"_links":{"self":[{"href":"https:\/\/www.europesays.com\/lv\/wp-json\/wp\/v2\/posts\/63114","targetHints":{"allow":["GET"]}}],"collection":[{"href":"https:\/\/www.europesays.com\/lv\/wp-json\/wp\/v2\/posts"}],"about":[{"href":"https:\/\/www.europesays.com\/lv\/wp-json\/wp\/v2\/types\/post"}],"author":[{"embeddable":true,"href":"https:\/\/www.europesays.com\/lv\/wp-json\/wp\/v2\/users\/2"}],"replies":[{"embeddable":true,"href":"https:\/\/www.europesays.com\/lv\/wp-json\/wp\/v2\/comments?post=63114"}],"version-history":[{"count":0,"href":"https:\/\/www.europesays.com\/lv\/wp-json\/wp\/v2\/posts\/63114\/revisions"}],"wp:featuredmedia":[{"embeddable":true,"href":"https:\/\/www.europesays.com\/lv\/wp-json\/wp\/v2\/media\/63115"}],"wp:attachment":[{"href":"https:\/\/www.europesays.com\/lv\/wp-json\/wp\/v2\/media?parent=63114"}],"wp:term":[{"taxonomy":"category","embeddable":true,"href":"https:\/\/www.europesays.com\/lv\/wp-json\/wp\/v2\/categories?post=63114"},{"taxonomy":"post_tag","embeddable":true,"href":"https:\/\/www.europesays.com\/lv\/wp-json\/wp\/v2\/tags?post=63114"}],"curies":[{"name":"wp","href":"https:\/\/api.w.org\/{rel}","templated":true}]}}