{"id":63122,"date":"2025-12-01T17:34:08","date_gmt":"2025-12-01T17:34:08","guid":{"rendered":"https:\/\/www.europesays.com\/lv\/63122\/"},"modified":"2025-12-01T17:34:08","modified_gmt":"2025-12-01T17:34:08","slug":"airbus-konstatejis-kvalitates-problemas-a320-lidmasinam","status":"publish","type":"post","link":"https:\/\/www.europesays.com\/lv\/63122\/","title":{"rendered":"\u201cAirbus\u201d konstat\u0113jis kvalit\u0101tes probl\u0113mas A320 lidma\u0161\u012bn\u0101m"},"content":{"rendered":"<p>\u201c\u201dAirbus\u201d ir piesardz\u012bga pieeja, un tiek p\u0101rbaud\u012bti visi potenci\u0101li skartie lidapar\u0101ti, zinot, ka tikai da\u013cai no tiem b\u016bs j\u0101veic turpm\u0101ki pas\u0101kumi,\u201d vi\u0146a piebilda.<\/p>\n<p>\u201cProbl\u0113mas avots ir identific\u0113ts un nov\u0113rsts, un visi jaunra\u017eotie pane\u013ci atbilst vis\u0101m pras\u012bb\u0101m,\u201d uzsv\u0113ra \u201cAirbus\u201d p\u0101rst\u0101ve.<\/p>\n<p>\u201cAirbus\u201d akcijas cena pirmdien Par\u012bzes bir\u017e\u0101 krit\u0101s, rea\u0123\u0113jot uz zi\u0146\u0101m, ka fizel\u0101\u017eas pane\u013cu kvalit\u0101tes probl\u0113mas aizkav\u0113ju\u0161as vair\u0101ku lidma\u0161\u012bnu A320 pieg\u0101di.<\/p>\n<p>Jau v\u0113st\u012bts, ka \u201cAirbus\u201d piektdien pazi\u0146oja, ka vair\u0101kiem t\u016bksto\u0161iem lidma\u0161\u012bnu A320 nepiecie\u0161ama programmat\u016bras atjaunin\u0101\u0161ana, un t\u0101 tika operat\u012bvi veikta.<\/p>\n<p>Programmat\u016bras probl\u0113ma tika atkl\u0101ta p\u0113c tam, kad 30. oktobr\u012b ASV aviokomp\u0101nijas \u201cJetBlue\u201d lidma\u0161\u012bnai A320 rad\u0101s lidojuma vad\u012bbas probl\u0113mas, ko izrais\u012bja datora darb\u012bbas trauc\u0113jumi, kurus ac\u012bmredzot rad\u012bja saules starojums, kas ietekm\u0113ja apr\u012bkojumu. Reis\u0101 no Kankunas Meksik\u0101 uz \u0145\u016barku pie \u0145ujorkas lidma\u0161\u012bna strauji zaud\u0113ja augstumu, un tai n\u0101c\u0101s nolaisties Tamp\u0101, Florid\u0101.<\/p>\n<p class=\"tv3-fw-500\">Zi\u0146o par k\u013c\u016bdu rakst\u0101<\/p>\n<p class=\"d-md-block d-none\">Iez\u012bm\u0113 k\u013c\u016bdaino tekstu un spied Ctrl+Enter.<\/p>\n<p class=\"d-md-none d-block\">Iez\u012bm\u0113 k\u013c\u016bdaino tekstu un zi\u0146o par to!<\/p>\n","protected":false},"excerpt":{"rendered":"\u201c\u201dAirbus\u201d ir piesardz\u012bga pieeja, un tiek p\u0101rbaud\u012bti visi potenci\u0101li skartie lidapar\u0101ti, zinot, ka tikai da\u013cai no tiem b\u016bs&hellip;\n","protected":false},"author":2,"featured_media":63123,"comment_status":"","ping_status":"","sticky":false,"template":"","format":"standard","meta":{"footnotes":""},"categories":[14],"tags":[16607,23,57,28,29,32,33,22,30,31,35,39,38,36,37,34,40,20,26,27,24,25,54,55,56,21,58],"class_list":{"0":"post-63122","1":"post","2":"type-post","3":"status-publish","4":"format-standard","5":"has-post-thumbnail","7":"category-zinas-no-arvalstim","8":"tag-airbus","9":"tag-aktualitates","10":"tag-arvalstim","11":"tag-breaking-news","12":"tag-breakingnews","13":"tag-featured-news","14":"tag-featurednews","15":"tag-headlines","16":"tag-latest-news","17":"tag-latestnews","18":"tag-latvia","19":"tag-latvian","20":"tag-latviesu","21":"tag-latviesu-valoda","22":"tag-latviesuvaloda","23":"tag-latvija","24":"tag-lv","25":"tag-news","26":"tag-popularakas-zinas","27":"tag-popularakaszinas","28":"tag-top-stories","29":"tag-topstories","30":"tag-world","31":"tag-world-news","32":"tag-worldnews","33":"tag-zinas","34":"tag-zinas-no-arvalstim"},"share_on_mastodon":{"url":"https:\/\/pubeurope.com\/@lv\/115645517824860164","error":""},"_links":{"self":[{"href":"https:\/\/www.europesays.com\/lv\/wp-json\/wp\/v2\/posts\/63122","targetHints":{"allow":["GET"]}}],"collection":[{"href":"https:\/\/www.europesays.com\/lv\/wp-json\/wp\/v2\/posts"}],"about":[{"href":"https:\/\/www.europesays.com\/lv\/wp-json\/wp\/v2\/types\/post"}],"author":[{"embeddable":true,"href":"https:\/\/www.europesays.com\/lv\/wp-json\/wp\/v2\/users\/2"}],"replies":[{"embeddable":true,"href":"https:\/\/www.europesays.com\/lv\/wp-json\/wp\/v2\/comments?post=63122"}],"version-history":[{"count":0,"href":"https:\/\/www.europesays.com\/lv\/wp-json\/wp\/v2\/posts\/63122\/revisions"}],"wp:featuredmedia":[{"embeddable":true,"href":"https:\/\/www.europesays.com\/lv\/wp-json\/wp\/v2\/media\/63123"}],"wp:attachment":[{"href":"https:\/\/www.europesays.com\/lv\/wp-json\/wp\/v2\/media?parent=63122"}],"wp:term":[{"taxonomy":"category","embeddable":true,"href":"https:\/\/www.europesays.com\/lv\/wp-json\/wp\/v2\/categories?post=63122"},{"taxonomy":"post_tag","embeddable":true,"href":"https:\/\/www.europesays.com\/lv\/wp-json\/wp\/v2\/tags?post=63122"}],"curies":[{"name":"wp","href":"https:\/\/api.w.org\/{rel}","templated":true}]}}