{"id":63138,"date":"2025-12-01T17:49:09","date_gmt":"2025-12-01T17:49:09","guid":{"rendered":"https:\/\/www.europesays.com\/lv\/63138\/"},"modified":"2025-12-01T17:49:09","modified_gmt":"2025-12-01T17:49:09","slug":"koncertu-izvele-decembra-sakuma-no-genovevas-lidz-astronout-lente-lv","status":"publish","type":"post","link":"https:\/\/www.europesays.com\/lv\/63138\/","title":{"rendered":"Koncertu izv\u0113le decembra s\u0101kum\u0101: no \u00abGenovevas\u00bb l\u012bdz \u00abAstro\u2019n\u2019out\u00bb\u00a0\u2014\u00a0Lente.lv"},"content":{"rendered":"<p>Pietupies pie \u00abGenovevas\u00bb vai dejot ar \u00abAstro\u2019n\u2019out\u00bb? Ned\u0113\u013cas nogales koncertu pied\u0101v\u0101jums ir bag\u0101t\u012bgs<\/p>\n<p>Lai gan novembris ir gandr\u012bz aizvad\u012bts, koncertu un kult\u016bras notikumu kl\u0101sts nevis sar\u016bk, bet glu\u017ei pret\u0113ji \u2013 k\u013c\u016bst aizvien bag\u0101t\u012bg\u0101ks. Ir pien\u0101cis pirmais Adventes sv\u0113tdienas laiks, un tas bie\u017ei vien iekr\u0101so m\u016bsu kalend\u0101rus ne tikai ar Ziemassv\u0113tku gaid\u012b\u0161anas prieku, bet ar\u012b ar \u012bpa\u0161iem, ziem\u012bgiem koncertiem.<\/p>\n<p>Daudzveid\u012bgs pied\u0101v\u0101jums \u2013 no klasikas l\u012bdz modernam popm\u016bzikai<\/p>\n<p>\u0160oned\u0113\u013c kult\u016bras cien\u012bt\u0101jiem ir pla\u0161as izv\u0113les iesp\u0113jas, s\u0101kot no iem\u012b\u013cot\u0101m te\u0101tra izr\u0101d\u0113m l\u012bdz ener\u0123iskiem m\u016bzikas priek\u0161nesumiem. Ja mekl\u0113jat ko dv\u0113selisku un klasisku, tad opera \u00abGenoveva\u00bb pied\u0101v\u0101 neaizmirstamu muzik\u0101lu baud\u012bjumu, kas \u013caus aizce\u013cot uz citu pasauli. T\u0101 ir iesp\u0113ja baud\u012bt augstv\u0113rt\u012bgu m\u0101kslu un atkl\u0101t jaunas emocion\u0101las kr\u0101sas.<\/p>\n<p>Savuk\u0101rt, ja esat gatavi \u013cauties m\u016bsdienu ritmiem un dejot l\u012bdz r\u012btam, grupa \u00abAstro\u2019n\u2019out\u00bb sola grandiozu koncertu, kas piepild\u012bs z\u0101li ar pozit\u012bvu ener\u0123iju un neaizmirstamu atmosf\u0113ru. Vi\u0146u jaun\u0101k\u0101s dziesmas un ener\u0123iskie priek\u0161nesumi garant\u0113 vakar\u0101, kas liks sajusties dz\u012bvam un priec\u012bgam.<\/p>\n<p>Kam piev\u0113rst uzman\u012bbu decembra s\u0101kum\u0101?<\/p>\n<p>Decembra pirmaj\u0101s dien\u0101s Latvijas koncertz\u0101l\u0113s un kult\u016bras centros skan\u0113s da\u017e\u0101di m\u016bzikas \u017eanri. Papildus jau min\u0113tajiem notikumiem, v\u0113rts piev\u0113rst uzman\u012bbu ar\u012b citiem priek\u0161nesumiem. Piem\u0113ram, akustiskie koncerti un kamerm\u016bzikas vakari pied\u0101v\u0101 int\u012bm\u0101ku klaus\u012b\u0161an\u0101s pieredzi, kas \u012bpa\u0161i saskan ar ziem\u012bgajiem vakariem. Tiem, kas mekl\u0113 ko ori\u0123in\u0101lu, var\u0113tu patikt ar\u012b eksperiment\u0101l\u0101s m\u016bzikas projekti, kas izaicina ierastos priek\u0161status par ska\u0146u un ritmu.<\/p>\n<p>Nav izsl\u0113gts, ka ar\u012b k\u0101ds negaid\u012bts d\u017eeza priek\u0161nesums vai folkm\u016bzikas vakars var k\u013c\u016bt par j\u016bsu ned\u0113\u013cas nogales odzi\u0146u \u0137eks\u012btim. Svar\u012bgi ir sekot l\u012bdzi aktu\u0101lajai inform\u0101cijai par notikumiem sav\u0101 pils\u0113t\u0101 un izv\u0113l\u0113ties to, kas sirdij vistuv\u0101kais. \u0160is ir br\u012bni\u0161\u0137\u012bgs laiks, lai atkl\u0101tu jaunus m\u0101ksliniekus un pilnveidotu savu kult\u016bras pieredzi.<\/p>\n<p>Ziemas saj\u016btas un kult\u016bras baud\u012bjums<\/p>\n<p>Pirm\u0101s Adventes sv\u0113tdiena aicina uz mier\u012bg\u0101ku un p\u0101rdomu pilnu laiku, ta\u010du tas nenoz\u012bm\u0113, ka j\u0101sakr\u0101j gult\u0101. Tie\u0161i pret\u0113ji \u2013 kult\u016bras pas\u0101kumi var k\u013c\u016bt par lielisku veidu, k\u0101 \u0161o \u012bpa\u0161o laiku pavad\u012bt kop\u0101 ar tuviniekiem vai vienatn\u0113, izbaudot gan vizu\u0101lo, gan dzirdes baud\u012bjumu. Baltie ziemas koncerti, kas bie\u017ei vien ir klus\u0101ki un atmosf\u0113riski, pied\u0101v\u0101 iesp\u0113ju iegrimt siltum\u0101 un m\u0101j\u012bgum\u0101, radot \u012bpa\u0161u saj\u016btu pirms lielajiem sv\u0113tkiem.<\/p>\n<p>Neatkar\u012bgi no t\u0101, vai izv\u0113laties grezno operu, ener\u0123isko popm\u016bziku vai k\u0101du citu kult\u016bras baud\u012bjumu, galvenais ir \u013cauties mirk\u013ca burv\u012bbai un izbaud\u012bt to piln\u012bb\u0101. Gaid\u0101m\u0101s ned\u0113\u013cas sola daudz pat\u012bkamu br\u012b\u017eu, kas pal\u012bdz\u0113s rad\u012bt neaizmirstamu ziemas ieska\u0146u.<\/p>\n","protected":false},"excerpt":{"rendered":"Pietupies pie \u00abGenovevas\u00bb vai dejot ar \u00abAstro\u2019n\u2019out\u00bb? Ned\u0113\u013cas nogales koncertu pied\u0101v\u0101jums ir bag\u0101t\u012bgs Lai gan novembris ir gandr\u012bz&hellip;\n","protected":false},"author":2,"featured_media":63139,"comment_status":"","ping_status":"","sticky":false,"template":"","format":"standard","meta":{"footnotes":""},"categories":[19],"tags":[16608,89,90,2017,64,35,39,38,4708,36,37,34,40,103],"class_list":{"0":"post-63138","1":"post","2":"type-post","3":"status-publish","4":"format-standard","5":"has-post-thumbnail","7":"category-izklaide","8":"tag-advente","9":"tag-entertainment","10":"tag-izklaide","11":"tag-koncerti","12":"tag-kultura","13":"tag-latvia","14":"tag-latvian","15":"tag-latviesu","16":"tag-latviesu-muziki","17":"tag-latviesu-valoda","18":"tag-latviesuvaloda","19":"tag-latvija","20":"tag-lv","21":"tag-muzika"},"share_on_mastodon":{"url":"https:\/\/pubeurope.com\/@lv\/115645576836261558","error":""},"_links":{"self":[{"href":"https:\/\/www.europesays.com\/lv\/wp-json\/wp\/v2\/posts\/63138","targetHints":{"allow":["GET"]}}],"collection":[{"href":"https:\/\/www.europesays.com\/lv\/wp-json\/wp\/v2\/posts"}],"about":[{"href":"https:\/\/www.europesays.com\/lv\/wp-json\/wp\/v2\/types\/post"}],"author":[{"embeddable":true,"href":"https:\/\/www.europesays.com\/lv\/wp-json\/wp\/v2\/users\/2"}],"replies":[{"embeddable":true,"href":"https:\/\/www.europesays.com\/lv\/wp-json\/wp\/v2\/comments?post=63138"}],"version-history":[{"count":0,"href":"https:\/\/www.europesays.com\/lv\/wp-json\/wp\/v2\/posts\/63138\/revisions"}],"wp:featuredmedia":[{"embeddable":true,"href":"https:\/\/www.europesays.com\/lv\/wp-json\/wp\/v2\/media\/63139"}],"wp:attachment":[{"href":"https:\/\/www.europesays.com\/lv\/wp-json\/wp\/v2\/media?parent=63138"}],"wp:term":[{"taxonomy":"category","embeddable":true,"href":"https:\/\/www.europesays.com\/lv\/wp-json\/wp\/v2\/categories?post=63138"},{"taxonomy":"post_tag","embeddable":true,"href":"https:\/\/www.europesays.com\/lv\/wp-json\/wp\/v2\/tags?post=63138"}],"curies":[{"name":"wp","href":"https:\/\/api.w.org\/{rel}","templated":true}]}}