{"id":63176,"date":"2025-12-01T18:24:31","date_gmt":"2025-12-01T18:24:31","guid":{"rendered":"https:\/\/www.europesays.com\/lv\/63176\/"},"modified":"2025-12-01T18:24:31","modified_gmt":"2025-12-01T18:24:31","slug":"es-aizsardzibas-ministri-vienojas-par-turpmaku-atbalstu-ukrainai-un-eiropas-aizsardzibas-stiprinasanu","status":"publish","type":"post","link":"https:\/\/www.europesays.com\/lv\/63176\/","title":{"rendered":"ES aizsardz\u012bbas ministri vienojas par turpm\u0101ku atbalstu Ukrainai un Eiropas aizsardz\u012bbas stiprin\u0101\u0161anu"},"content":{"rendered":"<p>Eiropas Savien\u012bbas (ES) aizsardz\u012bbas ministri pirmdien vienoju\u0161ies par turpm\u0101ku atbalstu <a rel=\"noopener nofollow\" target=\"_blank\" href=\"https:\/\/www.delfi.lv\/temas\/35467179\/ukraina\" tag-id=\"35467179\">Ukrainai<\/a> un Eiropas aizsardz\u012bbas stiprin\u0101\u0161anu, port\u0101lu &#8220;Delfi&#8221; inform\u0113ja <a rel=\"noopener nofollow\" target=\"_blank\" href=\"https:\/\/www.delfi.lv\/temas\/42038898\/aizsardzibas-ministrija\" tag-id=\"42038898\">Aizsardz\u012bbas ministrija<\/a> (AM).<\/p>\n<p>&#8220;Eiropai ir j\u0101paliek nelok\u0101mai un j\u0101turpina palielin\u0101t milit\u0101rais atbalsts Ukrainai. Latvija \u0161ogad Ukrainas milit\u0101rajai pal\u012bdz\u012bbai ir novirz\u012bjusi 0,3% no IKP un ir pie\u0146\u0113musi l\u0113mumu n\u0101kamgad nodro\u0161in\u0101t vismaz 0,25% no IKP. Esam gatavi izmantot SAFE instrumentu, lai palielin\u0101tu savu ieguld\u012bjumu, un aicin\u0101m ar\u012b citas Eiropas valstis akt\u012bv\u0101k iesaist\u012bties. Ukraina ir neprovoc\u0113ta kara upuris, un jebkuram miera risin\u0101jumam j\u0101b\u016bt taisn\u012bgam un Ukrainas noteiktam,&#8221; nor\u0101da G\u0101tere.<\/p>\n<p>San\u0101ksmes laik\u0101 G\u0101tere inform\u0113ja par Latvijas, Lietuvas, Igaunijas un Polijas \u012bstenoto Baltijas aizsardz\u012bbas l\u012bniju \u2013 koordin\u0113tu ES, <a rel=\"noopener nofollow\" target=\"_blank\" href=\"https:\/\/www.delfi.lv\/temas\/35481331\/nato\" tag-id=\"35481331\">NATO<\/a> un dal\u012bbvalstu iniciat\u012bvu, kas b\u016btiski stiprin\u0101s Eiropas austrumu robe\u017eu, uzsveros, ka \u0161is ir strat\u0113\u0123iski svar\u012bgs projekts visai Eiropai, ne tikai Baltijas re\u0123ionam.<\/p>\n<p class=\"m-0\">Seko &#8220;Delfi&#8221; ar\u012b  <a target=\"_blank\" href=\"https:\/\/www.instagram.com\/delfi.lv\/\" rel=\"nofollow noopener\">Instagram<\/a>  un <a target=\"_blank\" href=\"https:\/\/www.youtube.com\/channel\/UCw5foWtcJvAbUm64rv7jwUQ\" rel=\"nofollow noopener\">YouTube<\/a>  profil\u0101 \u2013 pievienojies, lai uzzin\u0101tu svar\u012bg\u0101ko un interesant\u0101ko pirmais!<\/p>\n<p>Publik\u0101cijas saturs vai t\u0101s jebk\u0101da apjoma da\u013ca ir aizsarg\u0101ts autorties\u012bbu objekts Autorties\u012bbu likuma izpratn\u0113, un t\u0101 izmanto\u0161ana bez izdev\u0113ja at\u013caujas ir aizliegta. Vair\u0101k lasi  <a target=\"_blank\" href=\"https:\/\/www.delfi.lv\/noteikumi#autortiesibas\" rel=\"nofollow noopener\">\u0161eit<\/a><script async src=\"\/\/www.instagram.com\/embed.js\"><\/script><\/p>\n","protected":false},"excerpt":{"rendered":"Eiropas Savien\u012bbas (ES) aizsardz\u012bbas ministri pirmdien vienoju\u0161ies par turpm\u0101ku atbalstu Ukrainai un Eiropas aizsardz\u012bbas stiprin\u0101\u0161anu, port\u0101lu &#8220;Delfi&#8221; inform\u0113ja&hellip;\n","protected":false},"author":2,"featured_media":63177,"comment_status":"","ping_status":"","sticky":false,"template":"","format":"standard","meta":{"footnotes":""},"categories":[5],"tags":[626,23,28,29,7221,32,33,22,74,30,31,35,39,38,36,37,34,40,71,20,26,27,24,25,276,21],"class_list":{"0":"post-63176","1":"post","2":"type-post","3":"status-publish","4":"format-standard","5":"has-post-thumbnail","7":"category-aktualitates","8":"tag-aizsardzibas-ministrija","9":"tag-aktualitates","10":"tag-breaking-news","11":"tag-breakingnews","12":"tag-eiropas-zinas","13":"tag-featured-news","14":"tag-featurednews","15":"tag-headlines","16":"tag-krievijas-iebrukums-ukraina","17":"tag-latest-news","18":"tag-latestnews","19":"tag-latvia","20":"tag-latvian","21":"tag-latviesu","22":"tag-latviesu-valoda","23":"tag-latviesuvaloda","24":"tag-latvija","25":"tag-lv","26":"tag-nato","27":"tag-news","28":"tag-popularakas-zinas","29":"tag-popularakaszinas","30":"tag-top-stories","31":"tag-topstories","32":"tag-ukraina","33":"tag-zinas"},"share_on_mastodon":{"url":"https:\/\/pubeurope.com\/@lv\/115645714480759945","error":""},"_links":{"self":[{"href":"https:\/\/www.europesays.com\/lv\/wp-json\/wp\/v2\/posts\/63176","targetHints":{"allow":["GET"]}}],"collection":[{"href":"https:\/\/www.europesays.com\/lv\/wp-json\/wp\/v2\/posts"}],"about":[{"href":"https:\/\/www.europesays.com\/lv\/wp-json\/wp\/v2\/types\/post"}],"author":[{"embeddable":true,"href":"https:\/\/www.europesays.com\/lv\/wp-json\/wp\/v2\/users\/2"}],"replies":[{"embeddable":true,"href":"https:\/\/www.europesays.com\/lv\/wp-json\/wp\/v2\/comments?post=63176"}],"version-history":[{"count":0,"href":"https:\/\/www.europesays.com\/lv\/wp-json\/wp\/v2\/posts\/63176\/revisions"}],"wp:featuredmedia":[{"embeddable":true,"href":"https:\/\/www.europesays.com\/lv\/wp-json\/wp\/v2\/media\/63177"}],"wp:attachment":[{"href":"https:\/\/www.europesays.com\/lv\/wp-json\/wp\/v2\/media?parent=63176"}],"wp:term":[{"taxonomy":"category","embeddable":true,"href":"https:\/\/www.europesays.com\/lv\/wp-json\/wp\/v2\/categories?post=63176"},{"taxonomy":"post_tag","embeddable":true,"href":"https:\/\/www.europesays.com\/lv\/wp-json\/wp\/v2\/tags?post=63176"}],"curies":[{"name":"wp","href":"https:\/\/api.w.org\/{rel}","templated":true}]}}