{"id":63189,"date":"2025-12-01T18:43:07","date_gmt":"2025-12-01T18:43:07","guid":{"rendered":"https:\/\/www.europesays.com\/lv\/63189\/"},"modified":"2025-12-01T18:43:07","modified_gmt":"2025-12-01T18:43:07","slug":"vestnieks-un-julianna-dava-jaunu-milestibas-dziesmu-tu-pievelc-lente-lv","status":"publish","type":"post","link":"https:\/\/www.europesays.com\/lv\/63189\/","title":{"rendered":"V\u0113stnieks un Julianna d\u0101v\u0101 jaunu m\u012blest\u012bbas dziesmu &#8220;Tu Pievelc&#8221;\u00a0\u2014\u00a0Lente.lv"},"content":{"rendered":"<p>Jauna sirsn\u012bga dziesma par m\u012blest\u012bbu: V\u0113stnieks un Julianna apvieno sp\u0113kus dziesm\u0101 &#8220;Tu Pievelc&#8221;<\/p>\n<p>M\u016bzikas pasaul\u0113 uzvirmo saj\u016bsma par jaunu kopdarbu \u2013 Latvijas m\u016bzi\u0137is V\u0113stnieks (R\u016bdolfs Macats) un talant\u012bg\u0101 dzied\u0101t\u0101ja Julianna (Julianna T\u012bruma) ir laidu\u0161i klaj\u0101 savu sirds dziesmu &#8220;Tu Pievelc&#8221;. \u0160is emocion\u0101lais ska\u0146darbs, kas tapis 10. oktobr\u012b, st\u0101sta par m\u012blest\u012bbu, kas sp\u0113j iztur\u0113t jebk\u0101dus p\u0101rbaud\u012bjumus, pat glob\u0101las kr\u012bzes laik\u0101. T\u0101 ir dziesma par sp\u0113c\u012bgu iek\u0161\u0113jo dzinuli un augst\u0101ku sp\u0113ku, kas saved kop\u0101 \u012bstos cilv\u0113kus, p\u0101rvarot visus \u0161\u0137\u0113r\u0161\u013cus.<\/p>\n<p>M\u016bzi\u0137u rado\u0161\u0101 sadarb\u012bba un dziesmas v\u0113st\u012bjums<\/p>\n<p>V\u0113stnieks un Julianna ne pirmo reizi satiekas m\u016bzikas lauk\u0101, ta\u010du &#8220;Tu Pievelc&#8221; ir \u012bpa\u0161s projekts, kas apvieno abu m\u0101kslinieku unik\u0101l\u0101s rado\u0161\u0101s individualit\u0101tes. Julianna, kura debit\u0113jusi m\u016bzikas aprit\u0113 ar R&amp;B un neo-soul stila singliem, piem\u0113ram, &#8220;What You Won&#8217;t Do&#8221;, ir zin\u0101ma ar savu vok\u0101lo meistar\u012bbu un dzi\u013cajiem v\u0113st\u012bjumiem. Vi\u0146as debijas dziesma, kas izdota 2023. gada decembr\u012b, jau apliecin\u0101ja vi\u0146as sp\u0113ju rad\u012bt m\u016bziku, kas iedvesmo un uzrun\u0101 klaus\u012bt\u0101jus, liekot aizdom\u0101ties par m\u012blest\u012bbas ide\u0101lu un realit\u0101tes sare\u017e\u0123\u012bt\u012bbu. Savuk\u0101rt V\u0113stnieka jaun\u0101kais albums &#8220;FM Nostal\u0123ija&#8221;, kas izdots 2024. gada j\u016blij\u0101, atspogu\u013co vi\u0146a atgrie\u0161anos pie sakn\u0113m un cie\u0146u pret t\u0113va \u2013 Raimonda Macata \u2013 muzik\u0101lo mantojumu.<\/p>\n<p>&#8220;Tu Pievelc&#8221; ir vair\u0101k nek\u0101 tikai dziesma; t\u0101 ir metafora par neuzvaramu sp\u0113ku, kas m\u016bs vada dz\u012bv\u0113. T\u0101 ir k\u0101 melodisks ce\u013cvedis, kas atg\u0101dina par to, ka pat tum\u0161\u0101kajos br\u012b\u017eos ir gaid\u0101ms gaismas stars, un ka \u012bst\u0101s attiec\u012bbas sp\u0113j stiprin\u0101t un iedro\u0161in\u0101t. Dziesmas skan\u0113jum\u0101 j\u016btama sintpopa est\u0113tika, kas apvieno romantisku tumsu ar lirisku motiv\u0101ciju, radot unik\u0101lu un aizraujo\u0161u klaus\u012b\u0161an\u0101s pieredzi.<\/p>\n<p>Videoklips un gaid\u0101mie koncerti<\/p>\n<p>Lai piln\u012bb\u0101 atkl\u0101tu dziesmas emocion\u0101lo dzi\u013cumu un v\u0113st\u012bjumu, 10. oktobr\u012b tika izdots ar\u012b dziesmas videoklips, kura autors ir Toms Musts. Videoklips ir k\u0101 vizu\u0101la po\u0113ma, kas papildina dziesmas liriku un pie\u0161\u0137ir tai jaunu dimensiju. Papildus jaunajai dziesmai un videoklipam, V\u0113stnieks un Julianna aicina ar\u012b uz \u012bpa\u0161u koncertu, kas notika 18. oktobr\u012b K. K. fon Stricka vill\u0101. \u0160is pas\u0101kums sol\u012bja b\u016bt neaizmirstams muzik\u0101ls piedz\u012bvojums, kur\u0101 tika prezent\u0113ta ne tikai jaun\u0101 m\u016bzika, bet ar\u012b apvienots elektroniskais skan\u0113jums ar akustiskajiem instrumentiem. Koncert\u0101 piedal\u012bj\u0101s ar\u012b atrakt\u012bvais bundzinieks Kaspars Kurdeko un virtuozais \u0123it\u0101rists R\u016bdolfs Ozols, radot unik\u0101lu un ener\u0123isku skatuves sniegumu.<\/p>\n<p>&#8220;Tu Pievelc&#8221; ir guvusi atzin\u012bbu ar\u012b m\u016bzikas industrij\u0101, ie\u0146emot vietu Radio SWH &#8220;Priek\u0161nama&#8221; top\u0101, kas atspogu\u013co aktu\u0101l\u0101k\u0101s un interesant\u0101k\u0101s jaun\u0101s latvie\u0161u m\u016bzikas tendences. T\u0101 apliecina dziesmas sp\u0113ju aizraut klaus\u012bt\u0101jus un nostiprin\u0101ties Latvijas m\u016bzikas ainav\u0101.<\/p>\n<p>Juliannas muzik\u0101lais ce\u013c\u0161<\/p>\n<p>Juliannas muzik\u0101l\u0101 karjera ir iespaid\u012bga un daudzpus\u012bga. Pirms solo karjeras uzs\u0101k\u0161anas vi\u0146a padzi\u013cin\u0101ti apguvusi klasisko m\u016bziku, paral\u0113li p\u0113tot gospe\u013cm\u016bziku, kas v\u0113l\u0101k p\u0101rauga d\u017eeza m\u016bzikas studij\u0101s. Vi\u0146a ir uzst\u0101jusies ar da\u017e\u0101diem sast\u0101viem, dziedot bl\u016bza, d\u017eeza, R&amp;B, popa un gospe\u013cu \u017eanros. Julianna ir ar\u012b dzied\u0101jusi Santas \u0160illeres d\u017eeza album\u0101 un ir viena no Toma Kalderauska dziesmas &#8220;When It All Falls&#8221; (konkursam &#8220;Supernova 2023&#8221;) autor\u0113m. Vi\u0146as debijas singls &#8220;What You Won&#8217;t Do&#8221; ir apliecin\u0101jums vi\u0146as sp\u0113jai rad\u012bt m\u016bziku, kas ir gan tehniski izcila, gan emocion\u0101li dzi\u013ca.<\/p>\n<p>K\u0101 pati Julianna atz\u012bst, m\u016bzika vi\u0146ai ir galvenais veids, k\u0101 izpausties un mekl\u0113t paties\u0101s m\u012blest\u012bbas un iek\u0161\u0113j\u0101 miera defin\u012bcijas. Vi\u0146as m\u0113r\u0137is ir rad\u012bt m\u016bziku, kas iedvesmo klaus\u012bt\u0101jus nebaid\u012bties no savas \u012bst\u0101s b\u016bt\u012bbas, uzsverot cilv\u0113cisko skaistumu un dabu. Vi\u0146as dziesmas ir k\u0101 ce\u013cvedis uz pa\u0161apzi\u0146u un personisko izaugsmi, vienlaic\u012bgi mudinot uz sapratni un iej\u016bt\u012bbu savstarp\u0113j\u0101s attiec\u012bb\u0101s.<\/p>\n","protected":false},"excerpt":{"rendered":"Jauna sirsn\u012bga dziesma par m\u012blest\u012bbu: V\u0113stnieks un Julianna apvieno sp\u0113kus dziesm\u0101 &#8220;Tu Pievelc&#8221; M\u016bzikas pasaul\u0113 uzvirmo saj\u016bsma par&hellip;\n","protected":false},"author":2,"featured_media":63190,"comment_status":"","ping_status":"","sticky":false,"template":"","format":"standard","meta":{"footnotes":""},"categories":[19],"tags":[89,90,2043,16618,35,39,38,194,36,37,34,40,16619,16617],"class_list":{"0":"post-63189","1":"post","2":"type-post","3":"status-publish","4":"format-standard","5":"has-post-thumbnail","7":"category-izklaide","8":"tag-entertainment","9":"tag-izklaide","10":"tag-jauna-dziesma","11":"tag-julianna","12":"tag-latvia","13":"tag-latvian","14":"tag-latviesu","15":"tag-latviesu-muzika","16":"tag-latviesu-valoda","17":"tag-latviesuvaloda","18":"tag-latvija","19":"tag-lv","20":"tag-tu-pievelc","21":"tag-vestnieks"},"share_on_mastodon":{"url":"https:\/\/pubeurope.com\/@lv\/115645789143958116","error":""},"_links":{"self":[{"href":"https:\/\/www.europesays.com\/lv\/wp-json\/wp\/v2\/posts\/63189","targetHints":{"allow":["GET"]}}],"collection":[{"href":"https:\/\/www.europesays.com\/lv\/wp-json\/wp\/v2\/posts"}],"about":[{"href":"https:\/\/www.europesays.com\/lv\/wp-json\/wp\/v2\/types\/post"}],"author":[{"embeddable":true,"href":"https:\/\/www.europesays.com\/lv\/wp-json\/wp\/v2\/users\/2"}],"replies":[{"embeddable":true,"href":"https:\/\/www.europesays.com\/lv\/wp-json\/wp\/v2\/comments?post=63189"}],"version-history":[{"count":0,"href":"https:\/\/www.europesays.com\/lv\/wp-json\/wp\/v2\/posts\/63189\/revisions"}],"wp:featuredmedia":[{"embeddable":true,"href":"https:\/\/www.europesays.com\/lv\/wp-json\/wp\/v2\/media\/63190"}],"wp:attachment":[{"href":"https:\/\/www.europesays.com\/lv\/wp-json\/wp\/v2\/media?parent=63189"}],"wp:term":[{"taxonomy":"category","embeddable":true,"href":"https:\/\/www.europesays.com\/lv\/wp-json\/wp\/v2\/categories?post=63189"},{"taxonomy":"post_tag","embeddable":true,"href":"https:\/\/www.europesays.com\/lv\/wp-json\/wp\/v2\/tags?post=63189"}],"curies":[{"name":"wp","href":"https:\/\/api.w.org\/{rel}","templated":true}]}}