{"id":63203,"date":"2025-12-01T19:02:26","date_gmt":"2025-12-01T19:02:26","guid":{"rendered":"https:\/\/www.europesays.com\/lv\/63203\/"},"modified":"2025-12-01T19:02:26","modified_gmt":"2025-12-01T19:02:26","slug":"usiks-nak-klaja-ar-negaiditu-nakama-pretinieka-izveli","status":"publish","type":"post","link":"https:\/\/www.europesays.com\/lv\/63203\/","title":{"rendered":"Usiks n\u0101k klaj\u0101 ar negaid\u012btu n\u0101kam\u0101 pretinieka izv\u0113li"},"content":{"rendered":"<p>Ukrai\u0146u bokseris <a rel=\"noopener nofollow\" target=\"_blank\" href=\"https:\/\/www.delfi.lv\/temas\/49666445\/oleksandrs-usiks\" tag-id=\"49666445\">Oleksandrs Usiks<\/a> k\u0101 savu n\u0101kamo pretinieku v\u0113las redz\u0113t paz\u012bstamo amerik\u0101ni Deonteju Vailderu, kura \u012bpa\u0161um\u0101 savulaik bija pasaules \u010dempiona josta.<\/p>\n<p>Vailders ir biju\u0161ais Pasaules Boksa padomes (<a rel=\"noopener nofollow\" target=\"_blank\" href=\"https:\/\/www.delfi.lv\/temas\/36164636\/wbc\" tag-id=\"36164636\">WBC<\/a>) \u010dempions, kur\u0161 savulaik bija viens no smagsvaru b\u012bstam\u0101kajiem sit\u0113jiem, tom\u0113r kop\u0161 trilo\u0123ijas ar britu zvaigzni Taisonu Fj\u016briju amerik\u0101nis vairs nav sp\u0113jis atgriezties elites l\u012bmen\u012b. Izlaidis vair\u0101k nek\u0101 gadu, 40 gadus vecais Vailders ring\u0101 atgriez\u0101s j\u016bnij\u0101, kad sept\u012btaj\u0101 raund\u0101 pieveica maz zin\u0101mu bokseri Tairelu Entoniju Herndonu. Par sp\u012bti karjeras lejupsl\u012bdei, Usiks joproj\u0101m uzskata, ka Vailders boks\u0101 ir liels v\u0101rds.<\/p>\n<p class=\"m-0\">Seko &#8220;Delfi&#8221; ar\u012b  <a target=\"_blank\" href=\"https:\/\/www.instagram.com\/delfi.lv\/\" rel=\"nofollow noopener\">Instagram<\/a>  un <a target=\"_blank\" href=\"https:\/\/www.youtube.com\/channel\/UCw5foWtcJvAbUm64rv7jwUQ\" rel=\"nofollow noopener\">YouTube<\/a>  profil\u0101 \u2013 pievienojies, lai uzzin\u0101tu svar\u012bg\u0101ko un interesant\u0101ko pirmais!<\/p>\n<p>Publik\u0101cijas saturs vai t\u0101s jebk\u0101da apjoma da\u013ca ir aizsarg\u0101ts autorties\u012bbu objekts Autorties\u012bbu likuma izpratn\u0113, un t\u0101 izmanto\u0161ana bez izdev\u0113ja at\u013caujas ir aizliegta. Vair\u0101k lasi  <a target=\"_blank\" href=\"https:\/\/www.delfi.lv\/noteikumi#autortiesibas\" rel=\"nofollow noopener\">\u0161eit<\/a><script async src=\"\/\/www.instagram.com\/embed.js\"><\/script><\/p>\n","protected":false},"excerpt":{"rendered":"Ukrai\u0146u bokseris Oleksandrs Usiks k\u0101 savu n\u0101kamo pretinieku v\u0113las redz\u0113t paz\u012bstamo amerik\u0101ni Deonteju Vailderu, kura \u012bpa\u0161um\u0101 savulaik bija&hellip;\n","protected":false},"author":2,"featured_media":63204,"comment_status":"","ping_status":"","sticky":false,"template":"","format":"standard","meta":{"footnotes":""},"categories":[17],"tags":[2153,35,39,38,36,37,34,40,2233,67,3397,10529,14518],"class_list":{"0":"post-63203","1":"post","2":"type-post","3":"status-publish","4":"format-standard","5":"has-post-thumbnail","7":"category-sports","8":"tag-bokss","9":"tag-latvia","10":"tag-latvian","11":"tag-latviesu","12":"tag-latviesu-valoda","13":"tag-latviesuvaloda","14":"tag-latvija","15":"tag-lv","16":"tag-oleksandrs-usiks","17":"tag-sports","18":"tag-taisons-fjurijs","19":"tag-wbc","20":"tag-wbo"},"share_on_mastodon":{"url":"https:\/\/pubeurope.com\/@lv\/115645863902344662","error":""},"_links":{"self":[{"href":"https:\/\/www.europesays.com\/lv\/wp-json\/wp\/v2\/posts\/63203","targetHints":{"allow":["GET"]}}],"collection":[{"href":"https:\/\/www.europesays.com\/lv\/wp-json\/wp\/v2\/posts"}],"about":[{"href":"https:\/\/www.europesays.com\/lv\/wp-json\/wp\/v2\/types\/post"}],"author":[{"embeddable":true,"href":"https:\/\/www.europesays.com\/lv\/wp-json\/wp\/v2\/users\/2"}],"replies":[{"embeddable":true,"href":"https:\/\/www.europesays.com\/lv\/wp-json\/wp\/v2\/comments?post=63203"}],"version-history":[{"count":0,"href":"https:\/\/www.europesays.com\/lv\/wp-json\/wp\/v2\/posts\/63203\/revisions"}],"wp:featuredmedia":[{"embeddable":true,"href":"https:\/\/www.europesays.com\/lv\/wp-json\/wp\/v2\/media\/63204"}],"wp:attachment":[{"href":"https:\/\/www.europesays.com\/lv\/wp-json\/wp\/v2\/media?parent=63203"}],"wp:term":[{"taxonomy":"category","embeddable":true,"href":"https:\/\/www.europesays.com\/lv\/wp-json\/wp\/v2\/categories?post=63203"},{"taxonomy":"post_tag","embeddable":true,"href":"https:\/\/www.europesays.com\/lv\/wp-json\/wp\/v2\/tags?post=63203"}],"curies":[{"name":"wp","href":"https:\/\/api.w.org\/{rel}","templated":true}]}}