{"id":63211,"date":"2025-12-01T19:18:34","date_gmt":"2025-12-01T19:18:34","guid":{"rendered":"https:\/\/www.europesays.com\/lv\/63211\/"},"modified":"2025-12-01T19:18:34","modified_gmt":"2025-12-01T19:18:34","slug":"tiesraide-%e2%9f%a9-radio-naba-svin-23-jubileju-ar-verienigu-koncertu-maratonu","status":"publish","type":"post","link":"https:\/\/www.europesays.com\/lv\/63211\/","title":{"rendered":"TIE\u0160RAIDE \u27e9 &#8220;Radio NABA&#8221; svin 23. jubileju ar v\u0113rien\u012bgu koncertu maratonu"},"content":{"rendered":"<p>No plkst. 12.00 radio \u0113ter\u0101 un tie\u0161saistes video form\u0101t\u0101 s\u0101k\u0101s sv\u0113tku programma.<\/p>\n<p>Jubilejas svin\u012bb\u0101s piedal\u0101s visa &#8220;Radio NABA&#8221; komanda, pie pults un mikrofoniem dienas gait\u0101 st\u0101sies veidot\u0101ji no t\u0101diem iecien\u012btiem raid\u012bjumiem k\u0101 &#8220;Nabar\u012bts&#8221;, &#8220;Studentu pietura&#8221;, &#8220;Subharmonija&#8221;, &#8220;Kinetic&#8221;, &#8220;K\u016aL&#8221;, &#8220;Bit\u012bt matos&#8221;, &#8220;Subjekt\u012bvie m\u0113r\u012bjumi&#8221;, &#8220;Top 10\/25&#8221; un &#8220;Bron-h\u012bts&#8221;. Savuk\u0101rt vakara nosl\u0113gum\u0101 stafeti p\u0101r\u0146ems raid\u012bjumi &#8220;Stacija OB&#8221; un &#8220;Asto\u0146i pusto\u0146i&#8221;.<\/p>\n<p>Klaus\u012bt\u0101jus un skat\u012bt\u0101jus gaida ne tikai muzik\u0101li priek\u0161nesumi, bet ar\u012b konkursi, sp\u0113les, ekskluz\u012bvas intervijas un &#8220;Radio NABA&#8221; rado\u0161ajam garam rakstur\u012bgi neparedzami p\u0101rsteigumi.<\/p>\n<p>&#8220;NABA RAIDA XXIII&#8221; koncertu programma:<\/p>\n<ul>\n<li>12.30 \u2013 ALEJAS<\/li>\n<li>13.30 \u2013 DIF\u016aZIJA<\/li>\n<li>14.30 \u2013 SUZANNA<\/li>\n<li>15.30 \u2013 EIII<\/li>\n<li>16.30 \u2013 LAIKI<\/li>\n<li>17.30 \u2013 ZV\u012a\u0145AS<\/li>\n<li>18.30 \u2013 SER\u017dANTS B\u0112DA<\/li>\n<li>19.30 \u2013 VAAKS \/ VAKUUMS<\/li>\n<li>20.30 \u2013 TR\u012aSAS<\/li>\n<\/ul>\n<p>Papildus tie\u0161raidei port\u0101l\u0101 &#8220;Apollo.lv&#8221;, sv\u0113tku noris\u0113m var sekot l\u012bdzi ar\u012b radiovi\u013c\u0146os FM 95,8, vietn\u0113 naba.lv, port\u0101l\u0101 REplay.lv, k\u0101 ar\u012b &#8220;Radio NABA&#8221; YouTube kan\u0101l\u0101 un soci\u0101lo t\u012bklu kontos.<\/p>\n<p>Par &#8220;Radio NABA&#8221;<br \/>LR6 jeb LU <a href=\"https:\/\/www.apollo.lv\/term\/704999\/radio-naba\" class=\"topicLink\" target=\"_blank\" rel=\"nofollow noopener\">Radio NABA<\/a> ir atv\u0113rts, nekomerci\u0101ls medijs, kas Latvijas Radio FM vi\u013c\u0146os skan kop\u0161 2002. gada 1. decembra. T\u0101 ir programma cilv\u0113kiem, kurus interes\u0113 kas vair\u0101k par standarta komercproduktu \u2013 radio atspogu\u013co alternat\u012bv\u0101 dz\u012bvesveida procesus, kult\u016bru un urb\u0101ni inteli\u0123ento vidi kvalitat\u012bv\u0101 un dz\u012bv\u0101 veid\u0101. Programm\u0101 klaus\u012bt\u0101jiem pieejami vair\u0101k nek\u0101 50 regul\u0101ri raid\u012bjumi.<\/p>\n<p>Eksperiment\u0101lais m\u0101kslas un ska\u0146as maratons \u201cNABA RAIDA XXIII\u201d tiek realiz\u0113ts ar Valsts kult\u016brkapit\u0101la fonda, Latvijas Universit\u0101tes un Latvijas Sabiedrisk\u0101 medija atbalstu.<\/p>\n","protected":false},"excerpt":{"rendered":"No plkst. 12.00 radio \u0113ter\u0101 un tie\u0161saistes video form\u0101t\u0101 s\u0101k\u0101s sv\u0113tku programma. Jubilejas svin\u012bb\u0101s piedal\u0101s visa &#8220;Radio NABA&#8221;&hellip;\n","protected":false},"author":2,"featured_media":63212,"comment_status":"","ping_status":"","sticky":false,"template":"","format":"standard","meta":{"footnotes":""},"categories":[5],"tags":[23,28,29,32,33,22,30,31,35,39,38,36,37,34,40,20,26,27,16609,7383,24,25,21],"class_list":{"0":"post-63211","1":"post","2":"type-post","3":"status-publish","4":"format-standard","5":"has-post-thumbnail","7":"category-aktualitates","8":"tag-aktualitates","9":"tag-breaking-news","10":"tag-breakingnews","11":"tag-featured-news","12":"tag-featurednews","13":"tag-headlines","14":"tag-latest-news","15":"tag-latestnews","16":"tag-latvia","17":"tag-latvian","18":"tag-latviesu","19":"tag-latviesu-valoda","20":"tag-latviesuvaloda","21":"tag-latvija","22":"tag-lv","23":"tag-news","24":"tag-popularakas-zinas","25":"tag-popularakaszinas","26":"tag-radio-naba","27":"tag-tiesraide","28":"tag-top-stories","29":"tag-topstories","30":"tag-zinas"},"share_on_mastodon":{"url":"https:\/\/pubeurope.com\/@lv\/115645926830695678","error":""},"_links":{"self":[{"href":"https:\/\/www.europesays.com\/lv\/wp-json\/wp\/v2\/posts\/63211","targetHints":{"allow":["GET"]}}],"collection":[{"href":"https:\/\/www.europesays.com\/lv\/wp-json\/wp\/v2\/posts"}],"about":[{"href":"https:\/\/www.europesays.com\/lv\/wp-json\/wp\/v2\/types\/post"}],"author":[{"embeddable":true,"href":"https:\/\/www.europesays.com\/lv\/wp-json\/wp\/v2\/users\/2"}],"replies":[{"embeddable":true,"href":"https:\/\/www.europesays.com\/lv\/wp-json\/wp\/v2\/comments?post=63211"}],"version-history":[{"count":0,"href":"https:\/\/www.europesays.com\/lv\/wp-json\/wp\/v2\/posts\/63211\/revisions"}],"wp:featuredmedia":[{"embeddable":true,"href":"https:\/\/www.europesays.com\/lv\/wp-json\/wp\/v2\/media\/63212"}],"wp:attachment":[{"href":"https:\/\/www.europesays.com\/lv\/wp-json\/wp\/v2\/media?parent=63211"}],"wp:term":[{"taxonomy":"category","embeddable":true,"href":"https:\/\/www.europesays.com\/lv\/wp-json\/wp\/v2\/categories?post=63211"},{"taxonomy":"post_tag","embeddable":true,"href":"https:\/\/www.europesays.com\/lv\/wp-json\/wp\/v2\/tags?post=63211"}],"curies":[{"name":"wp","href":"https:\/\/api.w.org\/{rel}","templated":true}]}}