{"id":63242,"date":"2025-12-01T20:12:13","date_gmt":"2025-12-01T20:12:13","guid":{"rendered":"https:\/\/www.europesays.com\/lv\/63242\/"},"modified":"2025-12-01T20:12:13","modified_gmt":"2025-12-01T20:12:13","slug":"kada-ir-videja-alga-latvija-publiskoti-jaunakie-dati","status":"publish","type":"post","link":"https:\/\/www.europesays.com\/lv\/63242\/","title":{"rendered":"K\u0101da ir vid\u0113j\u0101 alga Latvij\u0101? Publiskoti jaun\u0101kie dati"},"content":{"rendered":"<p>Tre\u0161aj\u0101 ceturksn\u012b, sal\u012bdzinot ar iepriek\u0161\u0113j\u0101 gada atbilsto\u0161o ceturksni, darba samaksa visstrauj\u0101k pieauga citu pakalpojumu nozar\u0113, kas ietver sabiedrisko, publisko un citu organiz\u0101ciju darb\u012bbu, individu\u0101l\u0101s lieto\u0161anas priek\u0161metu un m\u0101jsaimniec\u012bbas piederumu remontu, \u0137\u012bmisko t\u012br\u012btavu, frizieru, skaistumkop\u0161anas, apbed\u012b\u0161anas un citus pakalpojumus &#8211; par 15,1%, izgl\u012bt\u012bbas nozar\u0113 &#8211; par 13,4%, nekustamo \u012bpa\u0161umu nozar\u0113 &#8211; 12,3%, k\u0101 ar\u012b ieguves r\u016bpniec\u012bbas un karjeru izstr\u0101des nozar\u0113 &#8211; par 11,4%.<\/p>\n<p>\u0160\u012b gada tre\u0161aj\u0101 ceturksn\u012b vid\u0113j\u0101 darba samaksa m\u0113nes\u012b par pilnas slodzes darbu, kas bija liel\u0101ka par vid\u0113jo valst\u012b, bija finan\u0161u un apdro\u0161in\u0101\u0161anas darb\u012bbu (3022 eiro), inform\u0101cijas un komunik\u0101cijas pakalpojumu (2866 eiro), profesion\u0101lo, zin\u0101tnisko un tehnisko pakalpojumu nozar\u0113 (2334 eiro), ener\u0123\u0113tikas (2257 eiro), ieguves r\u016bpniec\u012bbas un karjeru izstr\u0101des (2178 eiro), valsts p\u0101rvaldes (2141 eiro), \u016bdens apg\u0101des, notek\u016bde\u0146u un atkritumu apsaimnieko\u0161anas nozar\u0113 (1827 eiro), k\u0101 ar\u012b vesel\u012bbas un soci\u0101l\u0101s apr\u016bpes nozar\u0113 (1879 eiro).<\/p>\n<p>Viszem\u0101k\u0101 vid\u0113j\u0101 darba samaksa par pilnas slodzes darbu bija izmitin\u0101\u0161anas un \u0113din\u0101\u0161anas pakalpojumu nozar\u0113 &#8211; 1182 eiro pirms nodok\u013cu nomaksas.<\/p>\n<p>Visliel\u0101k\u0101 vid\u0113j\u0101 bruto darba samaksa par pilnas slodzes darbu bija R\u012bgas re\u0123ion\u0101 &#8211; 2008 eiro, savuk\u0101rt viszem\u0101k\u0101 &#8211; Latgal\u0113 (1329 eiro). Visliel\u0101k\u0101 vid\u0113j\u0101 atalgojuma plaisa bija starp R\u012bgas un Latgales re\u0123ioniem &#8211; 33,8%.<\/p>\n<p>Bruto darba samaksa par vienu nostr\u0101d\u0101to stundu 2025. gada tre\u0161aj\u0101 ceturksn\u012b bija 12,12 eiro, un gada laik\u0101 t\u0101 pieauga par 4,6% (2024. gada tre\u0161aj\u0101 ceturksn\u012b &#8211; 11,59 eiro).<\/p>\n<p>Vienas stundas darbasp\u0113ka izmaksas, kas ietver gan darba samaksu, gan citus ar darbasp\u0113ku saist\u012btos darba dev\u0113ja izdevumus, gada laik\u0101 pieauga no 14,57 l\u012bdz 15,2 eiro jeb par 4,4%, ko ietekm\u0113ja kop\u0113jo darbasp\u0113ka izmaksu k\u0101pums par 6,7% un nostr\u0101d\u0101to stundu pieaugums par 2,2% gada laik\u0101.<\/p>\n","protected":false},"excerpt":{"rendered":"Tre\u0161aj\u0101 ceturksn\u012b, sal\u012bdzinot ar iepriek\u0161\u0113j\u0101 gada atbilsto\u0161o ceturksni, darba samaksa visstrauj\u0101k pieauga citu pakalpojumu nozar\u0113, kas ietver sabiedrisko,&hellip;\n","protected":false},"author":2,"featured_media":49516,"comment_status":"","ping_status":"","sticky":false,"template":"","format":"standard","meta":{"footnotes":""},"categories":[5],"tags":[23,8496,28,29,32,33,22,30,31,35,39,38,36,37,34,40,4353,20,26,27,24,25,21],"class_list":{"0":"post-63242","1":"post","2":"type-post","3":"status-publish","4":"format-standard","5":"has-post-thumbnail","7":"category-aktualitates","8":"tag-aktualitates","9":"tag-alga","10":"tag-breaking-news","11":"tag-breakingnews","12":"tag-featured-news","13":"tag-featurednews","14":"tag-headlines","15":"tag-latest-news","16":"tag-latestnews","17":"tag-latvia","18":"tag-latvian","19":"tag-latviesu","20":"tag-latviesu-valoda","21":"tag-latviesuvaloda","22":"tag-latvija","23":"tag-lv","24":"tag-nauda","25":"tag-news","26":"tag-popularakas-zinas","27":"tag-popularakaszinas","28":"tag-top-stories","29":"tag-topstories","30":"tag-zinas"},"share_on_mastodon":{"url":"https:\/\/pubeurope.com\/@lv\/115646139193201149","error":""},"_links":{"self":[{"href":"https:\/\/www.europesays.com\/lv\/wp-json\/wp\/v2\/posts\/63242","targetHints":{"allow":["GET"]}}],"collection":[{"href":"https:\/\/www.europesays.com\/lv\/wp-json\/wp\/v2\/posts"}],"about":[{"href":"https:\/\/www.europesays.com\/lv\/wp-json\/wp\/v2\/types\/post"}],"author":[{"embeddable":true,"href":"https:\/\/www.europesays.com\/lv\/wp-json\/wp\/v2\/users\/2"}],"replies":[{"embeddable":true,"href":"https:\/\/www.europesays.com\/lv\/wp-json\/wp\/v2\/comments?post=63242"}],"version-history":[{"count":0,"href":"https:\/\/www.europesays.com\/lv\/wp-json\/wp\/v2\/posts\/63242\/revisions"}],"wp:featuredmedia":[{"embeddable":true,"href":"https:\/\/www.europesays.com\/lv\/wp-json\/wp\/v2\/media\/49516"}],"wp:attachment":[{"href":"https:\/\/www.europesays.com\/lv\/wp-json\/wp\/v2\/media?parent=63242"}],"wp:term":[{"taxonomy":"category","embeddable":true,"href":"https:\/\/www.europesays.com\/lv\/wp-json\/wp\/v2\/categories?post=63242"},{"taxonomy":"post_tag","embeddable":true,"href":"https:\/\/www.europesays.com\/lv\/wp-json\/wp\/v2\/tags?post=63242"}],"curies":[{"name":"wp","href":"https:\/\/api.w.org\/{rel}","templated":true}]}}