{"id":63260,"date":"2025-12-01T20:52:09","date_gmt":"2025-12-01T20:52:09","guid":{"rendered":"https:\/\/www.europesays.com\/lv\/63260\/"},"modified":"2025-12-01T20:52:09","modified_gmt":"2025-12-01T20:52:09","slug":"eiropas-lidmasinu-razotajs-airbus-konstatejis-kvalitates-problemas","status":"publish","type":"post","link":"https:\/\/www.europesays.com\/lv\/63260\/","title":{"rendered":"Eiropas lidma\u0161\u012bnu ra\u017eot\u0101js &#8220;Airbus&#8221; konstat\u0113jis kvalit\u0101tes probl\u0113mas"},"content":{"rendered":"<p>&#8220;&#8221;Airbus&#8221; apstiprina, ka ir konstat\u0113jis pieg\u0101d\u0101t\u0101ja kvalit\u0101tes probl\u0113mu, kas ietekm\u0113 ierobe\u017eotu skaitu A320 met\u0101la pane\u013cu,&#8221; a\u0123ent\u016brai AFP pav\u0113st\u012bja uz\u0146\u0113muma preses p\u0101rst\u0101ve.<\/p>\n<p>&#8220;&#8221;Airbus&#8221; ir piesardz\u012bga pieeja un tiek p\u0101rbaud\u012bti visi potenci\u0101li skartie lidapar\u0101ti, zinot, ka tikai da\u013cai no tiem b\u016bs j\u0101veic turpm\u0101ki pas\u0101kumi,&#8221; vi\u0146a piebilda.<\/p>\n<p>&#8220;Probl\u0113mas avots ir identific\u0113ts un nov\u0113rsts, un visi jaunra\u017eotie pane\u013ci atbilst vis\u0101m pras\u012bb\u0101m,&#8221; uzsv\u0113ra &#8220;Airbus&#8221; p\u0101rst\u0101ve.<\/p>\n<p>&#8220;Airbus&#8221; akcijas cena pirmdien Par\u012bzes bir\u017e\u0101 krit\u0101s, rea\u0123\u0113jot uz zi\u0146\u0101m, ka fizel\u0101\u017eas pane\u013cu kvalit\u0101tes probl\u0113mas aizkav\u0113ju\u0161as vair\u0101ku lidma\u0161\u012bnu A320 pieg\u0101di.<\/p>\n<p>Jau v\u0113st\u012bts, ka &#8220;Airbus&#8221; piektdien pazi\u0146oja, ka vair\u0101kiem t\u016bksto\u0161iem lidma\u0161\u012bnu A320 nepiecie\u0161ama programmat\u016bras atjaunin\u0101\u0161ana, un t\u0101 tika operat\u012bvi veikta.<\/p>\n<p>Programmat\u016bras probl\u0113ma tika atkl\u0101ta p\u0113c tam, kad 30. oktobr\u012b ASV aviokomp\u0101nijas &#8220;JetBlue&#8221; lidma\u0161\u012bnai A320 rad\u0101s lidojuma vad\u012bbas probl\u0113mas, ko izrais\u012bja datora darb\u012bbas trauc\u0113jumi, kurus ac\u012bmredzot rad\u012bja saules starojums, kas ietekm\u0113ja apr\u012bkojumu. Reis\u0101 no Kankunas Meksik\u0101 uz \u0145\u016barku pie \u0145ujorkas lidma\u0161\u012bna strauji zaud\u0113ja augstumu, un tai n\u0101c\u0101s nolaisties Tamp\u0101, Florid\u0101.<\/p>\n","protected":false},"excerpt":{"rendered":"&#8220;&#8221;Airbus&#8221; apstiprina, ka ir konstat\u0113jis pieg\u0101d\u0101t\u0101ja kvalit\u0101tes probl\u0113mu, kas ietekm\u0113 ierobe\u017eotu skaitu A320 met\u0101la pane\u013cu,&#8221; a\u0123ent\u016brai AFP pav\u0113st\u012bja&hellip;\n","protected":false},"author":2,"featured_media":63261,"comment_status":"","ping_status":"","sticky":false,"template":"","format":"standard","meta":{"footnotes":""},"categories":[14],"tags":[23,57,1807,1805,28,29,32,33,22,30,31,35,39,38,36,37,34,40,20,26,27,24,25,54,55,56,21,58],"class_list":{"0":"post-63260","1":"post","2":"type-post","3":"status-publish","4":"format-standard","5":"has-post-thumbnail","7":"category-zinas-no-arvalstim","8":"tag-aktualitates","9":"tag-arvalstim","10":"tag-avioindustrija","11":"tag-aviotransports","12":"tag-breaking-news","13":"tag-breakingnews","14":"tag-featured-news","15":"tag-featurednews","16":"tag-headlines","17":"tag-latest-news","18":"tag-latestnews","19":"tag-latvia","20":"tag-latvian","21":"tag-latviesu","22":"tag-latviesu-valoda","23":"tag-latviesuvaloda","24":"tag-latvija","25":"tag-lv","26":"tag-news","27":"tag-popularakas-zinas","28":"tag-popularakaszinas","29":"tag-top-stories","30":"tag-topstories","31":"tag-world","32":"tag-world-news","33":"tag-worldnews","34":"tag-zinas","35":"tag-zinas-no-arvalstim"},"share_on_mastodon":{"url":"https:\/\/pubeurope.com\/@lv\/115646296413673928","error":""},"_links":{"self":[{"href":"https:\/\/www.europesays.com\/lv\/wp-json\/wp\/v2\/posts\/63260","targetHints":{"allow":["GET"]}}],"collection":[{"href":"https:\/\/www.europesays.com\/lv\/wp-json\/wp\/v2\/posts"}],"about":[{"href":"https:\/\/www.europesays.com\/lv\/wp-json\/wp\/v2\/types\/post"}],"author":[{"embeddable":true,"href":"https:\/\/www.europesays.com\/lv\/wp-json\/wp\/v2\/users\/2"}],"replies":[{"embeddable":true,"href":"https:\/\/www.europesays.com\/lv\/wp-json\/wp\/v2\/comments?post=63260"}],"version-history":[{"count":0,"href":"https:\/\/www.europesays.com\/lv\/wp-json\/wp\/v2\/posts\/63260\/revisions"}],"wp:featuredmedia":[{"embeddable":true,"href":"https:\/\/www.europesays.com\/lv\/wp-json\/wp\/v2\/media\/63261"}],"wp:attachment":[{"href":"https:\/\/www.europesays.com\/lv\/wp-json\/wp\/v2\/media?parent=63260"}],"wp:term":[{"taxonomy":"category","embeddable":true,"href":"https:\/\/www.europesays.com\/lv\/wp-json\/wp\/v2\/categories?post=63260"},{"taxonomy":"post_tag","embeddable":true,"href":"https:\/\/www.europesays.com\/lv\/wp-json\/wp\/v2\/tags?post=63260"}],"curies":[{"name":"wp","href":"https:\/\/api.w.org\/{rel}","templated":true}]}}