{"id":63313,"date":"2025-12-01T22:28:07","date_gmt":"2025-12-01T22:28:07","guid":{"rendered":"https:\/\/www.europesays.com\/lv\/63313\/"},"modified":"2025-12-01T22:28:07","modified_gmt":"2025-12-01T22:28:07","slug":"putinam-nav-nodoma-pienemt-nevienu-asv-miera-plana-versiju-secina-isw-tv3-lv","status":"publish","type":"post","link":"https:\/\/www.europesays.com\/lv\/63313\/","title":{"rendered":"Putinam nav nodoma pie\u0146emt nevienu ASV \u201cmiera pl\u0101na\u201d versiju, secina ISW &#8211; tv3.lv"},"content":{"rendered":"<ol>\n<li><a href=\"https:\/\/news.google.com\/rss\/articles\/CBMiowFBVV95cUxNTndhbWRuNWlWOGFfYXNTaHVzQ2d5cXpIY3RlSXd6QWZtVDNYa2dSVXhfMzd3dzJ2dW91RTBKVm1yNUNERjJLVUV2TkNrSXp6aU5KWTNDc1UxUHVLM09fcjQyU1dGRXVnUl9FaF9WUGJQZ0dNWUxMeFUyNGE0dEk2UUxWRmJ0TUJfWTVQdnYwYTNEZkRoQllwaXVLUFlDNzN3MGt3?oc=5\" target=\"_blank\" rel=\"nofollow noopener\">Putinam nav nodoma pie\u0146emt nevienu ASV \u201cmiera pl\u0101na\u201d versiju, secina ISW<\/a>&nbsp;&nbsp;tv3.lv<\/li>\n<li><a href=\"https:\/\/news.google.com\/rss\/articles\/CBMif0FVX3lxTFBWZGptVDdFSldZUWxYVkEtMGFnWFB2VUM0TXR2NGxaREdDRTJ1d0taOVdjYlIzVlpyN3RUWF9ieXE1NXF0QWxLaE9GeGNXU0NsMnFvR1hRWUxLVmRKU0x3RTRhd3hIaEFKVTY1V3JMQmNfTkZkYjh4VEZ5TEwzMFU?oc=5\" target=\"_blank\" rel=\"nofollow noopener\">VIDEO \u27e9 Aiz priek\u0161kara: Miera pl\u0101ns Krem\u013ca gaum\u0113<\/a>&nbsp;&nbsp;TVNET<\/li>\n<li><a href=\"https:\/\/news.google.com\/rss\/articles\/CBMipgFBVV95cUxNelY3VE5uakI4UUU1czVrelpsU3VWRkFZRG4yb1BNbk5SbEdnZFlXUjd0MTl1VVZfYjVHbmZTTFFsS2dURkJPYmRRUUQ0eXF5Z3Uza3d1Yy0zal9MQllrMXROMmhab2RJNFdhQ0k1czVvRVlJM2JmU2JBSXZhd0tfWUNIOWREYmVkX2pta21sRUM1bFQ3Rnc0VVR0N3lwRmwxMTU2X1lB?oc=5\" target=\"_blank\" rel=\"nofollow noopener\">WSJ: Putina reakcija uz ASV miera pl\u0101nu atkl\u0101ja vi\u0146a patieso m\u0113r\u0137i Ukrain\u0101<\/a>&nbsp;&nbsp;Apollo.lv<\/li>\n<li><a href=\"https:\/\/news.google.com\/rss\/articles\/CBMi1AFBVV95cUxNX3VlTl9BR1pPYVpCeXRwbGcyNEtGekh2ZGNnaGtwdDFIV2hWNkpucVNJUlo2RDQtRDI1dkFXWDRsNUlRMnhWUDZGVWx0WFNuSkwwYWRrSTd3LWpmUnJua2M4TWV0c3JxWlFkbFBBb1J5aTVTV1JNVjhiVGItRldsNFVZdXV6dTZaU1Atd2ZmLUtpXzhfTFJZYTNQX2ItNVhQcnRsN0wyZWl2Qm5GSXhlNmZLYWM3WWhpazlYNTJfbTZjS0dWRlh5OElSanIwYlVNZVR1MA?oc=5\" target=\"_blank\" rel=\"nofollow noopener\">Krievija sa\u0146\u0113musi miera pl\u0101na pamatparametrus; Putins, visticam\u0101k, imit\u0113s sarunas \/ Raksts<\/a>&nbsp;&nbsp;LSM<\/li>\n<li><a href=\"https:\/\/news.google.com\/rss\/articles\/CBMisgFBVV95cUxOTlYwMFllS0RrZ1Z0X19jMEtwaHpUVGM3WmxuR2FBZFpVdXB6Sl81M1c1Y2tVRnl1Qjl0LWswMmpQZU54LUwyb2t1N095N1Z1Wk1XS0lnR3VzMmFUZTdIa01CYnVNSEtOMDROMHRMWlRQZ01vUUhVdWVuWFpja2doMEtYNW4wOXljS0Rpdi1RbUtYSTBxM2owd3loWEJ1Y2o2OGlhODlNT2MzOE1nUnRQd19n?oc=5\" target=\"_blank\" rel=\"nofollow noopener\">\u201cIzdari \u0161o vienu lietu, un kar\u0161 beigsies!\u201d Putins uzrun\u0101 Zelenski, bet vi\u0146\u0161 atbildi par\u0101d\u0101 nepaliek<\/a>&nbsp;&nbsp;la.lv<\/li>\n<\/ol>\n","protected":false},"excerpt":{"rendered":"Putinam nav nodoma pie\u0146emt nevienu ASV \u201cmiera pl\u0101na\u201d versiju, secina ISW&nbsp;&nbsp;tv3.lv VIDEO \u27e9 Aiz priek\u0161kara: Miera pl\u0101ns Krem\u013ca&hellip;\n","protected":false},"author":2,"featured_media":63314,"comment_status":"","ping_status":"","sticky":false,"template":"","format":"standard","meta":{"footnotes":""},"categories":[14],"tags":[23,57,28,29,32,33,22,16630,30,31,35,39,38,36,37,34,40,20,26,27,24,25,54,55,56,21,58],"class_list":{"0":"post-63313","1":"post","2":"type-post","3":"status-publish","4":"format-standard","5":"has-post-thumbnail","7":"category-zinas-no-arvalstim","8":"tag-aktualitates","9":"tag-arvalstim","10":"tag-breaking-news","11":"tag-breakingnews","12":"tag-featured-news","13":"tag-featurednews","14":"tag-headlines","15":"tag-kars-ukrainamiera-sarunasvladimirs-putins","16":"tag-latest-news","17":"tag-latestnews","18":"tag-latvia","19":"tag-latvian","20":"tag-latviesu","21":"tag-latviesu-valoda","22":"tag-latviesuvaloda","23":"tag-latvija","24":"tag-lv","25":"tag-news","26":"tag-popularakas-zinas","27":"tag-popularakaszinas","28":"tag-top-stories","29":"tag-topstories","30":"tag-world","31":"tag-world-news","32":"tag-worldnews","33":"tag-zinas","34":"tag-zinas-no-arvalstim"},"share_on_mastodon":{"url":"https:\/\/pubeurope.com\/@lv\/115646674021868038","error":""},"_links":{"self":[{"href":"https:\/\/www.europesays.com\/lv\/wp-json\/wp\/v2\/posts\/63313","targetHints":{"allow":["GET"]}}],"collection":[{"href":"https:\/\/www.europesays.com\/lv\/wp-json\/wp\/v2\/posts"}],"about":[{"href":"https:\/\/www.europesays.com\/lv\/wp-json\/wp\/v2\/types\/post"}],"author":[{"embeddable":true,"href":"https:\/\/www.europesays.com\/lv\/wp-json\/wp\/v2\/users\/2"}],"replies":[{"embeddable":true,"href":"https:\/\/www.europesays.com\/lv\/wp-json\/wp\/v2\/comments?post=63313"}],"version-history":[{"count":0,"href":"https:\/\/www.europesays.com\/lv\/wp-json\/wp\/v2\/posts\/63313\/revisions"}],"wp:featuredmedia":[{"embeddable":true,"href":"https:\/\/www.europesays.com\/lv\/wp-json\/wp\/v2\/media\/63314"}],"wp:attachment":[{"href":"https:\/\/www.europesays.com\/lv\/wp-json\/wp\/v2\/media?parent=63313"}],"wp:term":[{"taxonomy":"category","embeddable":true,"href":"https:\/\/www.europesays.com\/lv\/wp-json\/wp\/v2\/categories?post=63313"},{"taxonomy":"post_tag","embeddable":true,"href":"https:\/\/www.europesays.com\/lv\/wp-json\/wp\/v2\/tags?post=63313"}],"curies":[{"name":"wp","href":"https:\/\/api.w.org\/{rel}","templated":true}]}}