{"id":63317,"date":"2025-12-01T22:30:23","date_gmt":"2025-12-01T22:30:23","guid":{"rendered":"https:\/\/www.europesays.com\/lv\/63317\/"},"modified":"2025-12-01T22:30:23","modified_gmt":"2025-12-01T22:30:23","slug":"tas-butu-pasakas-cienigs-iznakums-ja-sesks-tiktu-lidz-finisam-motoru-sports-sportacentrs-com","status":"publish","type":"post","link":"https:\/\/www.europesays.com\/lv\/63317\/","title":{"rendered":"&#8220;Tas b\u016btu pasakas cien\u012bgs izn\u0101kums, ja Sesks tiktu l\u012bdz fini\u0161am&#8221; \u2013 Motoru sports \u2013 Sportacentrs.com"},"content":{"rendered":"<p>Sezona M\u0101rti\u0146am nosl\u0113dz\u0101s ar izst\u0101\u0161anos p\u0113d\u0113j\u0101 2025. gada posm\u0101 tehniskas probl\u0113mas d\u0113\u013c, pirms tam priek\u0161p\u0113d\u0113j\u0101 \u0101trumposm\u0101 piedz\u012bvojot divus riepu pl\u012bsumus. L\u012bdz neveiksmju br\u012bdim vi\u0146\u0161 no rallija uzvar\u0113t\u0101ja Tjer\u012b Noivila atpalika vien par div\u0101m sekund\u0113m. Ned\u0113\u013cas nogales laik\u0101 Sesks uzvar\u0113ja piecos \u0101trumposmos \u2013 tikpat daudz k\u0101 &#8220;Hyundai&#8221; pilots Ots Tanaks.<\/p>\n<p>&#8220;Man un Ren\u0101ram noteikti ir sava veida atvieglojums, ka mums ir \u0101trums un ka sp\u0113jam lietas izdar\u012bt pareizi,&#8221; sac\u012bja Sesks. &#8220;Esmu apmierin\u0101ts ar to, ko esam par\u0101d\u012bju\u0161i kop\u0101 ar komandu p\u0113c visa smag\u0101 darba, kas ieguld\u012bts. Bija pat\u012bkami atgriezties.&#8221;<\/p>\n<p>&#8220;M-Sport&#8221; \u0161is bija pirmais gads kop\u0161 2021. gada bez neviena pjedest\u0101la, un komandas vad\u012bt\u0101js Ri\u010dards Milleners atzina, ka Seskam piedz\u012bvot\u0101 izst\u0101\u0161an\u0101s bijusi gr\u016bti sagremojama. &#8220;To ir smagi pie\u0146emt,&#8221; vi\u0146\u0161 teica. &#8220;Person\u012bgi es jau p\u0101ris reizes esmu bijis l\u012bdz\u012bg\u0101 situ\u0101cij\u0101. Tie\u0161i t\u0101p\u0113c es vienm\u0113r saku, ka rallij\u0101 uzvar\u0113t ir \u0101rk\u0101rt\u012bgi gr\u016bti. Vi\u0146i izdar\u012bja visu iesp\u0113jamo, lai pieg\u0101d\u0101tu rezult\u0101tu. Tas b\u016btu bijis mazliet k\u0101 pasakas cien\u012bgs nobeigums \u2013 tikt l\u012bdz fini\u0161am. Uzvara t\u0101pat b\u016btu bijusi \u013coti sare\u017e\u0123\u012bta pret k\u0101du, piem\u0113ram, Tjer\u012b, bet pjedest\u0101ls, manupr\u0101t, bija sasniedzams. Ta\u010du Sa\u016bda Ar\u0101bijas tuksnesis bija cit\u0101s dom\u0101s.&#8221;<\/p>\n<p>Tom\u0113r Milleners grib skat\u012bties uz pozit\u012bvo. &#8220;\u0160obr\u012bd to ir gr\u016bti izdar\u012bt,&#8221; vi\u0146\u0161 atzina. &#8220;Tagad galv\u0101 tikai doma, cik tuvu m\u0113s bij\u0101m, bet dienas beig\u0101s ir, k\u0101 ir. Mums vienk\u0101r\u0161i j\u0101iet uz priek\u0161u un j\u0101turpina c\u012bn\u012bties. Ma\u0161\u012bna var b\u016bt konkur\u0113tsp\u0113j\u012bga. Es lasu koment\u0101rus \u2013 k\u0101das 30 sekundes, l\u012bdz apn\u012bk. K\u0101ds vienm\u0113r saka: &#8220;tas ir ce\u013ca poz\u012bcijas d\u0113\u013c&#8221;, vai &#8220;pagaidiet, l\u012bdz non\u0101ksim l\u012bdz n\u0101kamajai dienai&#8221;, vai &#8220;pagaidiet l\u012bdz tre\u0161ajai dienai&#8221;. Bet vi\u0146\u0161 p\u0113d\u0113j\u0101 \u0101trumposm\u0101 tur\u0113j\u0101s l\u012bdzi Tjer\u012b l\u012bdz pat br\u012bdim, kad pl\u012bsa riepas. T\u0101p\u0113c t\u0101s ir piln\u012bgas mu\u013c\u0137\u012bbas. Ma\u0161\u012bna noteikti ir sp\u0113j\u012bga uz rezult\u0101tu, kad viss saliekas kop\u0101 \u2013 un tas neb\u016bt nav ne maz\u0101kais apvainojums p\u0101r\u0113jiem diviem pilotiem, jo katrs ir ar savu strat\u0113\u0123iju un sav\u0101 karjeras posm\u0101. K\u0101ds j\u016btas dro\u0161\u0101ks jau s\u0101kum\u0101, k\u0101ds grib spert lo\u0123isk\u0101kus, pak\u0101peniskus so\u013cus \u2013 ir vair\u0101k nek\u0101 viens ce\u013c\u0161 l\u012bdz m\u0113r\u0137im.&#8221;<\/p>\n<p>Milleners nosl\u0113dz: &#8220;M\u0101rti\u0146\u0161 \u0161oned\u0113\u013c atrada savu ritmu, un, tikl\u012bdz non\u0101c taj\u0101 punkt\u0101, j\u016bties super p\u0101rliecin\u0101ts, ka vari braukt \u013coti \u0101tri. Bet l\u012bdz pa\u0161am galam tikt vienm\u0113r ir \u0101rk\u0101rt\u012bgi gr\u016bti. Es b\u016btu grib\u0113jis, lai tie b\u016btu divi desmit kilometru dopi un darbs paveikts, bet \u012bsten\u012bb\u0101 tie bija 65 kilometri, un tie 35 kilometri pa vidu vienm\u0113r b\u016bs smagi. Un t\u0101 ar\u012b bija.&#8221;<\/p>\n<p>Sa\u016bda Ar\u0101bijas WRC posma \u0101trumposmu statistika:<img decoding=\"async\" src=\"https:\/\/www.europesays.com\/lv\/wp-content\/uploads\/2025\/12\/stats-4234324.jpg\" class=\"img-fluid\"\/><\/p>\n<p>Izmantotie resursi:<br \/><a target=\"_blank\" href=\"http:\/\/www.dirtfish.com\" rel=\"nofollow noopener\">All rallying. One source. \u2013 DirtFish<\/a><br \/><a target=\"_blank\" href=\"http:\/\/www.4rati.lv\" rel=\"nofollow noopener\">4rati.lv &#8211; Viss par autosportu<\/a><\/p>\n","protected":false},"excerpt":{"rendered":"Sezona M\u0101rti\u0146am nosl\u0113dz\u0101s ar izst\u0101\u0161anos p\u0113d\u0113j\u0101 2025. gada posm\u0101 tehniskas probl\u0113mas d\u0113\u013c, pirms tam priek\u0161p\u0113d\u0113j\u0101 \u0101trumposm\u0101 piedz\u012bvojot divus&hellip;\n","protected":false},"author":2,"featured_media":63318,"comment_status":"","ping_status":"","sticky":false,"template":"","format":"standard","meta":{"footnotes":""},"categories":[5],"tags":[23,28,29,32,33,22,30,31,35,39,38,36,37,34,40,165,20,26,27,24,25,21],"class_list":{"0":"post-63317","1":"post","2":"type-post","3":"status-publish","4":"format-standard","5":"has-post-thumbnail","7":"category-aktualitates","8":"tag-aktualitates","9":"tag-breaking-news","10":"tag-breakingnews","11":"tag-featured-news","12":"tag-featurednews","13":"tag-headlines","14":"tag-latest-news","15":"tag-latestnews","16":"tag-latvia","17":"tag-latvian","18":"tag-latviesu","19":"tag-latviesu-valoda","20":"tag-latviesuvaloda","21":"tag-latvija","22":"tag-lv","23":"tag-motoru-sports","24":"tag-news","25":"tag-popularakas-zinas","26":"tag-popularakaszinas","27":"tag-top-stories","28":"tag-topstories","29":"tag-zinas"},"share_on_mastodon":{"url":"https:\/\/pubeurope.com\/@lv\/115646681884433414","error":""},"_links":{"self":[{"href":"https:\/\/www.europesays.com\/lv\/wp-json\/wp\/v2\/posts\/63317","targetHints":{"allow":["GET"]}}],"collection":[{"href":"https:\/\/www.europesays.com\/lv\/wp-json\/wp\/v2\/posts"}],"about":[{"href":"https:\/\/www.europesays.com\/lv\/wp-json\/wp\/v2\/types\/post"}],"author":[{"embeddable":true,"href":"https:\/\/www.europesays.com\/lv\/wp-json\/wp\/v2\/users\/2"}],"replies":[{"embeddable":true,"href":"https:\/\/www.europesays.com\/lv\/wp-json\/wp\/v2\/comments?post=63317"}],"version-history":[{"count":0,"href":"https:\/\/www.europesays.com\/lv\/wp-json\/wp\/v2\/posts\/63317\/revisions"}],"wp:featuredmedia":[{"embeddable":true,"href":"https:\/\/www.europesays.com\/lv\/wp-json\/wp\/v2\/media\/63318"}],"wp:attachment":[{"href":"https:\/\/www.europesays.com\/lv\/wp-json\/wp\/v2\/media?parent=63317"}],"wp:term":[{"taxonomy":"category","embeddable":true,"href":"https:\/\/www.europesays.com\/lv\/wp-json\/wp\/v2\/categories?post=63317"},{"taxonomy":"post_tag","embeddable":true,"href":"https:\/\/www.europesays.com\/lv\/wp-json\/wp\/v2\/tags?post=63317"}],"curies":[{"name":"wp","href":"https:\/\/api.w.org\/{rel}","templated":true}]}}