{"id":63337,"date":"2025-12-02T01:08:11","date_gmt":"2025-12-02T01:08:11","guid":{"rendered":"https:\/\/www.europesays.com\/lv\/63337\/"},"modified":"2025-12-02T01:08:11","modified_gmt":"2025-12-02T01:08:11","slug":"tiekamies-nakamgad-seska-majiens-wrc-lidzjutejiem","status":"publish","type":"post","link":"https:\/\/www.europesays.com\/lv\/63337\/","title":{"rendered":"&#8220;Tiekamies n\u0101kamgad!&#8221; Seska m\u0101jiens WRC l\u012bdzjut\u0113jiem"},"content":{"rendered":"<p>Seska p\u0101rst\u0101v\u0113t\u0101s &#8220;M-Sport&#8221; komandas vad\u012bba pagaid\u0101m par n\u0101kamo sezonu nav izteikusies. Gregoirs Munsters gan devis m\u0101jienu par atgrie\u0161anos WRC2 sponsoru tr\u016bkuma d\u0113\u013c, bet D\u017eo\u0161u Makerleinu, visticam\u0101k, turpin\u0101s atbalst\u012bt \u012arijas Automobi\u013cu feder\u0101cija.<\/p>\n<p>P\u0113c visai dramatisk\u0101 fini\u0161a Sa\u016bda Ar\u0101bijas rallij\u0101 Sesks nor\u0101d\u012bja: &#8220;Tiekamies n\u0101kamgad!&#8221; Ko tas noz\u012bm\u0113?<\/p>\n","protected":false},"excerpt":{"rendered":"Seska p\u0101rst\u0101v\u0113t\u0101s &#8220;M-Sport&#8221; komandas vad\u012bba pagaid\u0101m par n\u0101kamo sezonu nav izteikusies. Gregoirs Munsters gan devis m\u0101jienu par atgrie\u0161anos&hellip;\n","protected":false},"author":2,"featured_media":63338,"comment_status":"","ping_status":"","sticky":false,"template":"","format":"standard","meta":{"footnotes":""},"categories":[5],"tags":[16645,23,28,29,32,33,16644,22,30,31,35,39,38,36,37,34,40,13456,282,20,26,27,8204,16643,24,25,1324,5675,21],"class_list":{"0":"post-63337","1":"post","2":"type-post","3":"status-publish","4":"format-standard","5":"has-post-thumbnail","7":"category-aktualitates","8":"tag-adrjens-furmo","9":"tag-aktualitates","10":"tag-breaking-news","11":"tag-breakingnews","12":"tag-featured-news","13":"tag-featurednews","14":"tag-ford-puma-rally1","15":"tag-headlines","16":"tag-latest-news","17":"tag-latestnews","18":"tag-latvia","19":"tag-latvian","20":"tag-latviesu","21":"tag-latviesu-valoda","22":"tag-latviesuvaloda","23":"tag-latvija","24":"tag-lv","25":"tag-m-sport","26":"tag-martins-sesks","27":"tag-news","28":"tag-popularakas-zinas","29":"tag-popularakaszinas","30":"tag-renars-francis","31":"tag-sebastjens-ozje","32":"tag-top-stories","33":"tag-topstories","34":"tag-tvnet-sports","35":"tag-wrc","36":"tag-zinas"},"share_on_mastodon":{"url":"https:\/\/pubeurope.com\/@lv\/115647303084071858","error":""},"_links":{"self":[{"href":"https:\/\/www.europesays.com\/lv\/wp-json\/wp\/v2\/posts\/63337","targetHints":{"allow":["GET"]}}],"collection":[{"href":"https:\/\/www.europesays.com\/lv\/wp-json\/wp\/v2\/posts"}],"about":[{"href":"https:\/\/www.europesays.com\/lv\/wp-json\/wp\/v2\/types\/post"}],"author":[{"embeddable":true,"href":"https:\/\/www.europesays.com\/lv\/wp-json\/wp\/v2\/users\/2"}],"replies":[{"embeddable":true,"href":"https:\/\/www.europesays.com\/lv\/wp-json\/wp\/v2\/comments?post=63337"}],"version-history":[{"count":0,"href":"https:\/\/www.europesays.com\/lv\/wp-json\/wp\/v2\/posts\/63337\/revisions"}],"wp:featuredmedia":[{"embeddable":true,"href":"https:\/\/www.europesays.com\/lv\/wp-json\/wp\/v2\/media\/63338"}],"wp:attachment":[{"href":"https:\/\/www.europesays.com\/lv\/wp-json\/wp\/v2\/media?parent=63337"}],"wp:term":[{"taxonomy":"category","embeddable":true,"href":"https:\/\/www.europesays.com\/lv\/wp-json\/wp\/v2\/categories?post=63337"},{"taxonomy":"post_tag","embeddable":true,"href":"https:\/\/www.europesays.com\/lv\/wp-json\/wp\/v2\/tags?post=63337"}],"curies":[{"name":"wp","href":"https:\/\/api.w.org\/{rel}","templated":true}]}}