{"id":63339,"date":"2025-12-02T01:14:14","date_gmt":"2025-12-02T01:14:14","guid":{"rendered":"https:\/\/www.europesays.com\/lv\/63339\/"},"modified":"2025-12-02T01:14:14","modified_gmt":"2025-12-02T01:14:14","slug":"latvijas-basketbolisti-izcina-pirmo-uzvaru-alonso-vadiba","status":"publish","type":"post","link":"https:\/\/www.europesays.com\/lv\/63339\/","title":{"rendered":"Latvijas basketbolisti izc\u012bna pirmo uzvaru Alonso vad\u012bb\u0101"},"content":{"rendered":"<p>Ma\u010dam ar Austriju \u0101rpus pieteikuma palika Mi\u0161ka, Ri\u010dards Aizpurs un Toms Skuja, bet valstsvien\u012bbas rind\u0101s karjeru nosl\u0113gu\u0161o Bert\u0101nu sast\u0101v\u0101 aizst\u0101ja \u0160ili\u0146\u0161.<\/p>\n<p>Austrijas izlas\u0113 r\u012bta treni\u0146\u0101 g\u016bt\u0101 savainojuma d\u0113\u013c nevar\u0113ja sp\u0113l\u0113t uzbruc\u0113js Silvens Landesbergs, kur\u0161 ar 20 punktiem bija rezultat\u012bv\u0101kais pirm\u0101s k\u0101rtas ma\u010d\u0101 ar Poliju.<\/p>\n<p>Latvijas izlases galvenajam trenerim Sito Alonso izlas\u0113 pal\u012bdz treneri Roberts \u0160telmahers, Art\u016brs Visockis-Rubenis, Kaspars Vecvagars un D\u0101vis \u010coders un fizisk\u0101s sagatavot\u012bbas treneris Oskars Ern\u0161teins.<\/p>\n<p>Latvijas v\u012brie\u0161u basketbola izlases sast\u0101vs:<\/p>\n<p>Adrians And\u017eevs, Kristaps \u0136ilps (abi &#8211; &#8220;VEF R\u012bga&#8221;), Roberts Blumbergs (Izmiras &#8220;Petkim Spor&#8221;, Turcija), Mareks Mejeris (Lielpolijas Ostruvas &#8220;Stal&#8221;, Polija), Kl\u0101vs \u010cavars (Baku &#8220;Sabah&#8221;, Azerbaid\u017e\u0101na), Rihards Loma\u017es (Klaip\u0113das &#8220;Nept\u016bnas&#8221;, Lietuva), M\u0101rcis \u0160teinbergs (Manrezas &#8220;Baxi&#8221;, Sp\u0101nija), An\u017eejs Pase\u010d\u0146iks (&#8220;Lioneers&#8221;, Taiv\u0101na), Toms Leimanis (bez kluba), Art\u016brs Kurucs (Lugo &#8220;Rio Breogan&#8221;, Sp\u0101nija), Rodijs Ma\u010doha (&#8220;R\u012bgas ze\u013c\u013ci&#8221;), K\u0101rlis \u0160ili\u0146\u0161 (&#8220;Trabzonspor&#8221;, Turcija).<\/p>\n","protected":false},"excerpt":{"rendered":"Ma\u010dam ar Austriju \u0101rpus pieteikuma palika Mi\u0161ka, Ri\u010dards Aizpurs un Toms Skuja, bet valstsvien\u012bbas rind\u0101s karjeru nosl\u0113gu\u0161o Bert\u0101nu&hellip;\n","protected":false},"author":2,"featured_media":63340,"comment_status":"","ping_status":"","sticky":false,"template":"","format":"standard","meta":{"footnotes":""},"categories":[5],"tags":[23,145,144,1098,28,29,32,33,22,30,31,35,39,38,36,37,34,225,40,20,11729,26,27,24,25,21],"class_list":{"0":"post-63339","1":"post","2":"type-post","3":"status-publish","4":"format-standard","5":"has-post-thumbnail","7":"category-aktualitates","8":"tag-aktualitates","9":"tag-basketbols","10":"tag-basketbols-latvija","11":"tag-basketbols-pasaule","12":"tag-breaking-news","13":"tag-breakingnews","14":"tag-featured-news","15":"tag-featurednews","16":"tag-headlines","17":"tag-latest-news","18":"tag-latestnews","19":"tag-latvia","20":"tag-latvian","21":"tag-latviesu","22":"tag-latviesu-valoda","23":"tag-latviesuvaloda","24":"tag-latvija","25":"tag-latvijas-basketbola-izlase","26":"tag-lv","27":"tag-news","28":"tag-pasaules-kauss-basketbola","29":"tag-popularakas-zinas","30":"tag-popularakaszinas","31":"tag-top-stories","32":"tag-topstories","33":"tag-zinas"},"share_on_mastodon":{"url":"https:\/\/pubeurope.com\/@lv\/115647326581828154","error":""},"_links":{"self":[{"href":"https:\/\/www.europesays.com\/lv\/wp-json\/wp\/v2\/posts\/63339","targetHints":{"allow":["GET"]}}],"collection":[{"href":"https:\/\/www.europesays.com\/lv\/wp-json\/wp\/v2\/posts"}],"about":[{"href":"https:\/\/www.europesays.com\/lv\/wp-json\/wp\/v2\/types\/post"}],"author":[{"embeddable":true,"href":"https:\/\/www.europesays.com\/lv\/wp-json\/wp\/v2\/users\/2"}],"replies":[{"embeddable":true,"href":"https:\/\/www.europesays.com\/lv\/wp-json\/wp\/v2\/comments?post=63339"}],"version-history":[{"count":0,"href":"https:\/\/www.europesays.com\/lv\/wp-json\/wp\/v2\/posts\/63339\/revisions"}],"wp:featuredmedia":[{"embeddable":true,"href":"https:\/\/www.europesays.com\/lv\/wp-json\/wp\/v2\/media\/63340"}],"wp:attachment":[{"href":"https:\/\/www.europesays.com\/lv\/wp-json\/wp\/v2\/media?parent=63339"}],"wp:term":[{"taxonomy":"category","embeddable":true,"href":"https:\/\/www.europesays.com\/lv\/wp-json\/wp\/v2\/categories?post=63339"},{"taxonomy":"post_tag","embeddable":true,"href":"https:\/\/www.europesays.com\/lv\/wp-json\/wp\/v2\/tags?post=63339"}],"curies":[{"name":"wp","href":"https:\/\/api.w.org\/{rel}","templated":true}]}}