{"id":63368,"date":"2025-12-02T03:14:08","date_gmt":"2025-12-02T03:14:08","guid":{"rendered":"https:\/\/www.europesays.com\/lv\/63368\/"},"modified":"2025-12-02T03:14:08","modified_gmt":"2025-12-02T03:14:08","slug":"jauna-parlamentaras-izmeklesanas-komisija-cer-sakartot-rigas-apkures-tirgu-koalicija-skeptiska-lente-lv","status":"publish","type":"post","link":"https:\/\/www.europesays.com\/lv\/63368\/","title":{"rendered":"Jauna parlament\u0101r\u0101s izmekl\u0113\u0161anas komisija cer sak\u0101rtot R\u012bgas apkures tirgu, koal\u012bcija skeptiska\u00a0\u2014\u00a0Lente.lv"},"content":{"rendered":"<p>Jauna parlament\u0101r\u0101s izmekl\u0113\u0161anas komisija iecer\u0113jusi sak\u0101rtot R\u012bgas apkures tirgu<\/p>\n<p>R\u012bg\u0101 tiek sperts jauns solis, lai sak\u0101rtotu vienu no pils\u0113tas karst\u0101kajiem jaut\u0101jumiem \u2013 apkures tirgu. Tikko nodibin\u0101ta parlament\u0101r\u0101s izmekl\u0113\u0161anas komisija, kuras galvenais uzdevums b\u016bs padzi\u013cin\u0101ti izp\u0113t\u012bt un rast risin\u0101jumus apkures nozares probl\u0113m\u0101m. \u0160\u012bs svar\u012bg\u0101s iniciat\u012bvas vad\u012bbu uz\u0146\u0113mies opoz\u012bcijas deput\u0101ts Andris Kulbergs (AS).<\/p>\n<p>Ta\u010du jau s\u0101kotn\u0113ji \u0161\u012b iecere saskaras ar zin\u0101mu skepsi no valdo\u0161\u0101s koal\u012bcijas puses. Da\u017ei politi\u0137i pau\u017e ba\u017eas, vai izmekl\u0113\u0161anas komisijas izveide patie\u0161\u0101m ir efekt\u012bv\u0101kais veids, k\u0101 risin\u0101t sare\u017e\u0123\u012btos jaut\u0101jumus, kas saist\u012bti ar R\u012bgas siltumapg\u0101des tirgu. Vi\u0146upr\u0101t, var\u0113tu b\u016bt citi instrumenti, kas sniegtu \u0101tr\u0101kus un praktisk\u0101kus rezult\u0101tus.<\/p>\n<p>Opoz\u012bcijas cer\u012bbas un koal\u012bcijas \u0161aubas<\/p>\n<p>Andra Kulberga vad\u012bt\u0101 komisija pl\u0101no r\u016bp\u012bgi izanaliz\u0113t eso\u0161o situaciju, iztauj\u0101t nozares ekspertus un mekl\u0113t iesp\u0113jas, k\u0101 uzlabot siltumapg\u0101des pakalpojumu kvalit\u0101ti un pieejam\u012bbu r\u012bdziniekiem. Tiek cer\u0113ts, ka izmekl\u0113\u0161ana pal\u012bdz\u0113s atkl\u0101t iesp\u0113jamus p\u0101rk\u0101pumus un nepiln\u012bbas sist\u0113m\u0101, kas l\u012bdz \u0161im ir trauc\u0113ju\u0161as efekt\u012bvu tirgus funkcion\u0113\u0161anu. \u0160\u012b ir drosm\u012bga un nepiecie\u0161ama iniciat\u012bva, lai nodro\u0161in\u0101tu taisn\u012bg\u0101ku un caursp\u012bd\u012bg\u0101ku apkures pakalpojumu snieg\u0161anu.<\/p>\n<p>Savuk\u0101rt da\u017ei koal\u012bcijas p\u0101rst\u0101vji nor\u0101da, ka \u0161\u0101das komisijas bie\u017ei vien aiz\u0146em daudz laika un resursu, bet re\u0101lie rezult\u0101ti ir visai nosl\u0113pumaini. Vi\u0146i uzsver, ka svar\u012bg\u0101k ir operat\u012bvi ieviest konkr\u0113tus likumu groz\u012bjumus vai administrat\u012bvus pas\u0101kumus, nevis ilgsto\u0161i veikt izmekl\u0113\u0161anu, kas var\u0113tu ieilgt un neattaisnoties ar praktisk\u0101m sek\u0101m. Lai gan viedok\u013ci at\u0161\u0137iras, tom\u0113r skaidrs ir viens \u2013 R\u012bgas apkures tirgus probl\u0113mas ir j\u0101risina, un cerams, ka \u0161\u012b komisija sp\u0113s virz\u012bt diskusiju uz konstrukt\u012bvu risin\u0101jumu mekl\u0113\u0161anu.<\/p>\n<p>R\u012bgas siltumapg\u0101des tirgus izaicin\u0101jumi<\/p>\n<p>R\u012bgas siltumapg\u0101des tirgus ir sare\u017e\u0123\u012bts meh\u0101nisms, kas ietver daudzus sp\u0113l\u0113t\u0101jus \u2013 gan pakalpojumu sniedz\u0113jus, gan pat\u0113r\u0113t\u0101jus, gan regul\u0113jo\u0161\u0101s instit\u016bcijas. Ilgu laiku ir past\u0101v\u0113ju\u0161as ba\u017eas par tarifu veido\u0161anas caursp\u012bd\u012bgumu, konkurencei un siltumener\u0123ijas pieg\u0101des efektivit\u0101ti. \u0160\u012bs probl\u0113mas, iesp\u0113jams, ir radu\u0161as sare\u017e\u0123\u012btu mezglu, ko nevar viegli atrais\u012bt. Jaun\u0101 parlament\u0101r\u0101s izmekl\u0113\u0161anas komisija sav\u0101 darb\u0101 cent\u012bsies \u0161o mezglu at\u0161\u0137etin\u0101t, piev\u0113r\u0161oties gan v\u0113sturiskajiem aspektiem, gan ar\u012b eso\u0161ajiem izaicin\u0101jumiem, lai nodro\u0161in\u0101tu stabilu un god\u012bgu tirgus darb\u012bbu n\u0101kotn\u0113.<\/p>\n","protected":false},"excerpt":{"rendered":"Jauna parlament\u0101r\u0101s izmekl\u0113\u0161anas komisija iecer\u0113jusi sak\u0101rtot R\u012bgas apkures tirgu R\u012bg\u0101 tiek sperts jauns solis, lai sak\u0101rtotu vienu no&hellip;\n","protected":false},"author":2,"featured_media":63369,"comment_status":"","ping_status":"","sticky":false,"template":"","format":"standard","meta":{"footnotes":""},"categories":[5],"tags":[23,13248,28,29,32,33,22,30,31,35,39,38,36,37,34,40,20,16651,16652,26,27,16650,6113,24,25,21],"class_list":{"0":"post-63368","1":"post","2":"type-post","3":"status-publish","4":"format-standard","5":"has-post-thumbnail","7":"category-aktualitates","8":"tag-aktualitates","9":"tag-andris-kulbergs","10":"tag-breaking-news","11":"tag-breakingnews","12":"tag-featured-news","13":"tag-featurednews","14":"tag-headlines","15":"tag-latest-news","16":"tag-latestnews","17":"tag-latvia","18":"tag-latvian","19":"tag-latviesu","20":"tag-latviesu-valoda","21":"tag-latviesuvaloda","22":"tag-latvija","23":"tag-lv","24":"tag-news","25":"tag-parlamentaras-izmeklesanas-komisija","26":"tag-politiska-skepse","27":"tag-popularakas-zinas","28":"tag-popularakaszinas","29":"tag-rigas-apkures-tirgus","30":"tag-siltumapgade","31":"tag-top-stories","32":"tag-topstories","33":"tag-zinas"},"share_on_mastodon":{"url":"https:\/\/pubeurope.com\/@lv\/115647798497401784","error":""},"_links":{"self":[{"href":"https:\/\/www.europesays.com\/lv\/wp-json\/wp\/v2\/posts\/63368","targetHints":{"allow":["GET"]}}],"collection":[{"href":"https:\/\/www.europesays.com\/lv\/wp-json\/wp\/v2\/posts"}],"about":[{"href":"https:\/\/www.europesays.com\/lv\/wp-json\/wp\/v2\/types\/post"}],"author":[{"embeddable":true,"href":"https:\/\/www.europesays.com\/lv\/wp-json\/wp\/v2\/users\/2"}],"replies":[{"embeddable":true,"href":"https:\/\/www.europesays.com\/lv\/wp-json\/wp\/v2\/comments?post=63368"}],"version-history":[{"count":0,"href":"https:\/\/www.europesays.com\/lv\/wp-json\/wp\/v2\/posts\/63368\/revisions"}],"wp:featuredmedia":[{"embeddable":true,"href":"https:\/\/www.europesays.com\/lv\/wp-json\/wp\/v2\/media\/63369"}],"wp:attachment":[{"href":"https:\/\/www.europesays.com\/lv\/wp-json\/wp\/v2\/media?parent=63368"}],"wp:term":[{"taxonomy":"category","embeddable":true,"href":"https:\/\/www.europesays.com\/lv\/wp-json\/wp\/v2\/categories?post=63368"},{"taxonomy":"post_tag","embeddable":true,"href":"https:\/\/www.europesays.com\/lv\/wp-json\/wp\/v2\/tags?post=63368"}],"curies":[{"name":"wp","href":"https:\/\/api.w.org\/{rel}","templated":true}]}}