{"id":63382,"date":"2025-12-02T03:43:18","date_gmt":"2025-12-02T03:43:18","guid":{"rendered":"https:\/\/www.europesays.com\/lv\/63382\/"},"modified":"2025-12-02T03:43:18","modified_gmt":"2025-12-02T03:43:18","slug":"video-%e2%9f%a9-riga-soferis-navejosi-notriec-gajeju-kurs-skerso-ielu-neatlauta-vieta","status":"publish","type":"post","link":"https:\/\/www.europesays.com\/lv\/63382\/","title":{"rendered":"VIDEO \u27e9 R\u012bg\u0101 \u0161oferis n\u0101v\u0113jo\u0161i notriec g\u0101j\u0113ju, kur\u0161 \u0161\u0137\u0113rso ielu neat\u013caut\u0101 viet\u0101"},"content":{"rendered":"<p>K\u0101ds seniors nol\u0113ma \u0161\u0137\u0113rsot \u010detru joslu ielu viet\u0101, kas nav apr\u012bkota ar g\u0101j\u0113ju p\u0101reju. Ielas otr\u0101 pus\u0113 vi\u0146\u0161 nenon\u0101ca &#8211; ce\u013c\u0161 apr\u0101v\u0101s, notiekot sadursmei ar vieglo automa\u0161\u012bnu.<\/p>\n<p>&#8220;Jau tum\u0161s bija. Ma\u0161\u012bnas, policija, reanim\u0101cija. Tur st\u0101v\u0113ja &#8220;R\u012bgas satiksmes&#8221; tehnisk\u0101 ma\u0161\u012bna, v\u012brietis staig\u0101ja ar policistu, kaut ko skaidroja. S\u0101kumu neredz\u0113j\u0101m. Tas tie\u0161i pret\u012b m\u016bsu logiem, t\u0101p\u0113c m\u0113s redz\u0113j\u0101m b\u0101kugu\u0146u gaismas,&#8221; st\u0101sta aculiecinieks.<\/p>\n<p>No sp\u0113c\u012bg\u0101 trieciena <a href=\"https:\/\/www.tvnet.lv\/term\/568367\/automasinas\" class=\"topicLink\" target=\"_blank\" rel=\"nofollow noopener\">automa\u0161\u012bnas<\/a> v\u0113jstikl\u0101 vad\u012bt\u0101ja pus\u0113 sa\u0161\u0137\u012bda stikls un sal\u016bza spogulis. Ar\u012b buferis iepl\u012bsa. Viet\u0101, kur v\u012brietis nokrita, bija palikusi pamat\u012bga asins pe\u013c\u0137e, ta\u010du mitrie laikapst\u0101k\u013ci nakt\u012b to noskaloju\u0161i.<\/p>\n<p>Pla\u0161\u0101k &#8220;Degpunkt\u0101&#8221; si\u017eet\u0101!<\/p>\n","protected":false},"excerpt":{"rendered":"K\u0101ds seniors nol\u0113ma \u0161\u0137\u0113rsot \u010detru joslu ielu viet\u0101, kas nav apr\u012bkota ar g\u0101j\u0113ju p\u0101reju. Ielas otr\u0101 pus\u0113 vi\u0146\u0161&hellip;\n","protected":false},"author":2,"featured_media":63383,"comment_status":"","ping_status":"","sticky":false,"template":"","format":"standard","meta":{"footnotes":""},"categories":[12],"tags":[23,1465,1494,28,29,32,33,6540,22,30,31,35,39,38,36,37,34,40,20,26,27,24,25,21],"class_list":{"0":"post-63382","1":"post","2":"type-post","3":"status-publish","4":"format-standard","5":"has-post-thumbnail","7":"category-latvija","8":"tag-aktualitates","9":"tag-autoavarijas","10":"tag-automasinas","11":"tag-breaking-news","12":"tag-breakingnews","13":"tag-featured-news","14":"tag-featurednews","15":"tag-gajejs","16":"tag-headlines","17":"tag-latest-news","18":"tag-latestnews","19":"tag-latvia","20":"tag-latvian","21":"tag-latviesu","22":"tag-latviesu-valoda","23":"tag-latviesuvaloda","24":"tag-latvija","25":"tag-lv","26":"tag-news","27":"tag-popularakas-zinas","28":"tag-popularakaszinas","29":"tag-top-stories","30":"tag-topstories","31":"tag-zinas"},"share_on_mastodon":{"url":"https:\/\/pubeurope.com\/@lv\/115647912618968612","error":""},"_links":{"self":[{"href":"https:\/\/www.europesays.com\/lv\/wp-json\/wp\/v2\/posts\/63382","targetHints":{"allow":["GET"]}}],"collection":[{"href":"https:\/\/www.europesays.com\/lv\/wp-json\/wp\/v2\/posts"}],"about":[{"href":"https:\/\/www.europesays.com\/lv\/wp-json\/wp\/v2\/types\/post"}],"author":[{"embeddable":true,"href":"https:\/\/www.europesays.com\/lv\/wp-json\/wp\/v2\/users\/2"}],"replies":[{"embeddable":true,"href":"https:\/\/www.europesays.com\/lv\/wp-json\/wp\/v2\/comments?post=63382"}],"version-history":[{"count":0,"href":"https:\/\/www.europesays.com\/lv\/wp-json\/wp\/v2\/posts\/63382\/revisions"}],"wp:featuredmedia":[{"embeddable":true,"href":"https:\/\/www.europesays.com\/lv\/wp-json\/wp\/v2\/media\/63383"}],"wp:attachment":[{"href":"https:\/\/www.europesays.com\/lv\/wp-json\/wp\/v2\/media?parent=63382"}],"wp:term":[{"taxonomy":"category","embeddable":true,"href":"https:\/\/www.europesays.com\/lv\/wp-json\/wp\/v2\/categories?post=63382"},{"taxonomy":"post_tag","embeddable":true,"href":"https:\/\/www.europesays.com\/lv\/wp-json\/wp\/v2\/tags?post=63382"}],"curies":[{"name":"wp","href":"https:\/\/api.w.org\/{rel}","templated":true}]}}