{"id":63392,"date":"2025-12-02T04:42:08","date_gmt":"2025-12-02T04:42:08","guid":{"rendered":"https:\/\/www.europesays.com\/lv\/63392\/"},"modified":"2025-12-02T04:42:08","modified_gmt":"2025-12-02T04:42:08","slug":"hongkongas-varas-iestades-arestejusas-vel-vairakas-personas-turpinas-ugunsgreka-pazuduso-meklesana","status":"publish","type":"post","link":"https:\/\/www.europesays.com\/lv\/63392\/","title":{"rendered":"Hongkongas varas iest\u0101des arest\u0113ju\u0161as v\u0113l vair\u0101kas personas; turpin\u0101s ugunsgr\u0113k\u0101 pazudu\u0161o mekl\u0113\u0161ana &#8211;"},"content":{"rendered":"<p style=\"text-align: justify;\">Hongkongas varas iest\u0101des inform\u0113ju\u0161as, ka par nolaid\u012bbu, kas izrais\u012bjusi personu n\u0101vi, arest\u0113tas v\u0113l 13 personas, un nor\u0101d\u012bju\u0161as uz stadartiem neatbilsto\u0161u materi\u0101lu izmanto\u0161anu, kas \u013c\u0101va izplat\u012bties n\u0101v\u0113jo\u0161aj\u0101m liesm\u0101m, raksta zi\u0146u a\u0123ent\u016bra <a href=\"https:\/\/www.reuters.com\/world\/china\/police-comb-fire-ravaged-hong-kong-apartments-death-toll-146-2025-12-01\/\" target=\"_blank\" rel=\"noopener nofollow\">\u201cReuters.\u201d<\/a><\/p>\n<p style=\"text-align: justify;\">Policija 1.decembr\u012b turpina mekl\u0113\u0161anas darbus liesmu izpost\u012btaj\u0101 dz\u012bvojamaj\u0101 kompleks\u0101, un boj\u0101 g\u0101ju\u0161o mirst\u012bg\u0101s atliekas tiek atrastas k\u0101p\u0146u telp\u0101s un uz jumtiem, kur cilv\u0113ki centu\u0161ies gl\u0101bties no dego\u0161aj\u0101m \u0113k\u0101m. Joproj\u0101m nav atrasti vair\u0101k nek\u0101 40 cilv\u0113ki. Policijas p\u0101rst\u0101vis \u017eurn\u0101listiem sac\u012bja, ka upuru \u0137erme\u0146i p\u0101rv\u0113rtu\u0161ies pelnos, un iesp\u0113jams, ka visus pazudu\u0161os atrast neizdosies.<\/p>\n<p style=\"text-align: justify;\">Vair\u0101ku za\u013c\u0101 celtniec\u012bbas t\u012bkla, kas kl\u0101ja bambusa sastatnes, paraugu p\u0101rbaudes atkl\u0101ju\u0161as, ka tas neatbilst standartiem. Nepiem\u0113rotais t\u012bkls izmantots gr\u016bti aizsniedzam\u0101s viet\u0101s, t\u0101d\u0113j\u0101di sl\u0113pjot to no b\u016bvniec\u012bbas inspektoriem. Ar\u012b putuplasta pl\u0101ksnes, ko celtnieki izmantoja logu aizseg\u0161anai, veicin\u0101ju\u0161as uguns izplat\u012bbu. T\u0101pat amatpersonas inform\u0113ja, ka \u0113ku ugunsdro\u0161\u012bbas signaliz\u0101cija nav bijusi darba k\u0101rt\u012bb\u0101.<\/p>\n<p style=\"text-align: justify;\">Pie kan\u0101la, kas atrodas blakus nodegu\u0161aj\u0101m \u0113k\u0101m, pulc\u0113j\u0101s t\u016bksto\u0161iem cilv\u0113ku, lai izr\u0101d\u012btu l\u012bdzj\u016bt\u012bbu upuriem. Starp boj\u0101g\u0101ju\u0161ajiem ir ar\u012b devi\u0146i m\u0101jsaimniec\u012bbas darbu str\u0101dnieki no Indon\u0113zijas, un viens no Filip\u012bn\u0101m. Pl\u0101nots, ka \u0161oned\u0113\u013c Tokij\u0101, London\u0101 un Taipej\u0101 notiks piemi\u0146as ceremonijas.<\/p>\n<blockquote>\n<p style=\"text-align: center;\">Tikm\u0113r sabiedr\u012bb\u0101 aug dusmas par ugunsdro\u0161\u012bbas riskiem,<\/p>\n<\/blockquote>\n<p style=\"text-align: justify;\">kuri netika \u0146emti v\u0113r\u0101 un nedro\u0161u b\u016bvniec\u012bbas praksi, uz ko Pekina atbild\u0113jusi, pazi\u0146ojot, ka nepie\u013caus pret \u0136\u012bnas vald\u012bbu v\u0113rstus protestus. Jaut\u0101jumam pietuvin\u0101tas personas inform\u0113ju\u0161as, ka uz div\u0101m dien\u0101m aiztur\u0113ta vismaz viena persona, kas organiz\u0113ja pet\u012bciju par neatkar\u012bgas izmekl\u0113\u0161anas veik\u0161anu. Policija atteikusies to koment\u0113t, vien nor\u0101dot, ka r\u012bkosies saska\u0146\u0101 ar likumdo\u0161anu.<\/p>\n<p style=\"text-align: justify;\">Policijas amatpersona 30.novmebr\u012b nor\u0101d\u012bja, ka boj\u0101g\u0101ju\u0161o mekl\u0113\u0161ana turpin\u0101s \u0113k\u0101s, kur\u0101s apst\u0101k\u013ci ir vissare\u017e\u0123\u012bt\u0101kie, un darbu nosl\u0113g\u0161ana var pras\u012bt ned\u0113\u013cas. Policijas publiskotajos att\u0113los redzams, ka aizsargt\u0113rpos \u0123\u0113rbti policisti veic mekl\u0113\u0161anas darbus telp\u0101s ar nomeln\u0113ju\u0161\u0101m sien\u0101m, piln\u012bb\u0101 sadegu\u0161\u0101m m\u0113bel\u0113m un p\u0101rvietojoties pa \u016bdeni, kas piepild\u012bjis \u0113kas p\u0113c vair\u0101ks dienas ilgu\u0161ajiem dz\u0113\u0161anas darbiem. Saska\u0146\u0101 ar ofi\u0101lajiem datiem, kompleks\u0101 dz\u012bvoja vair\u0101k nek\u0101 4000 cilv\u0113ku.<\/p>\n<p style=\"text-align: justify;\">P\u0113rn kompleksa iedz\u012bvot\u0101ji p\u0113c s\u016bdz\u012bb\u0101m par renov\u0101cijas rad\u012bt\u0101jiem dro\u0161\u012bbas draudiem tika inform\u0113ti, ka ugunsdro\u0161\u012bbas risks ir sal\u012bdzino\u0161i zems. S\u016bdz\u012bbas tika iesniegtas 2024.gada septembr\u012b, kad iedz\u012bvot\u0101ji nor\u0101d\u012bja uz viegli uzliesmojo\u0161\u0101 celtniec\u012bbas t\u012bkla izmanto\u0161anu.<\/p>\n<p style=\"text-align: justify;\">\u0136\u012bnas dro\u0161\u012bbas iest\u0101des 29.novembr\u012b br\u012bdin\u0101ja Hongkongas iedz\u012bvot\u0101jus, lai tie neizmanto tra\u0123isko ugunsgr\u0113ku 2019.gada protestiem l\u012bdz\u012bga haosa rad\u012b\u0161an\u0101. Togad apjom\u012bgi protesti par demokr\u0101tiju rad\u012bja politisko kr\u012bzi Pekin\u0101. Ofici\u0101laj\u0101 pazi\u0146ojum\u0101 sac\u012bts, ka jebkuram, kur\u0161 piedal\u012bsies protestos un to organiz\u0113\u0161an\u0101, b\u016bs j\u0101uz\u0146emas atbild\u012bba un j\u0101sa\u0146em sods.<\/p>\n<p style=\"text-align: justify;\"><a href=\"https:\/\/bnn.lv\/hongkonga-degusi-daudzdzivoklu-augstceltne-par-nolaidibu-aizturetas-tris-personas-66586\" target=\"_blank\" rel=\"noopener nofollow\">Lasiet ar\u012b: Hongkong\u0101 degusi daudzdz\u012bvok\u013cu augstceltne; par nolaid\u012bbu aiztur\u0113tas tr\u012bs personas<\/a><\/p>\n<p>Seko mums ar\u012b\u00a0<a href=\"https:\/\/www.facebook.com\/bnnlv\" rel=\"nofollow noopener\" target=\"_blank\">Facebook<\/a>,\u00a0<a href=\"https:\/\/www.draugiem.lv\/bnn.lv\/\" rel=\"nofollow noopener\" target=\"_blank\">Draugiem<\/a>\u00a0un\u00a0<a href=\"https:\/\/twitter.com\/home\" rel=\"nofollow noopener\" target=\"_blank\">X<\/a>!<\/p>\n<p><script async src=\"https:\/\/platform.twitter.com\/widgets.js\" charset=\"utf-8\"><\/script><\/p>\n","protected":false},"excerpt":{"rendered":"Hongkongas varas iest\u0101des inform\u0113ju\u0161as, ka par nolaid\u012bbu, kas izrais\u012bjusi personu n\u0101vi, arest\u0113tas v\u0113l 13 personas, un nor\u0101d\u012bju\u0161as uz&hellip;\n","protected":false},"author":2,"featured_media":63393,"comment_status":"","ping_status":"","sticky":false,"template":"","format":"standard","meta":{"footnotes":""},"categories":[14],"tags":[23,57,28,29,32,33,22,30,31,35,39,38,36,37,34,40,20,26,27,24,25,54,55,56,21,58],"class_list":{"0":"post-63392","1":"post","2":"type-post","3":"status-publish","4":"format-standard","5":"has-post-thumbnail","7":"category-zinas-no-arvalstim","8":"tag-aktualitates","9":"tag-arvalstim","10":"tag-breaking-news","11":"tag-breakingnews","12":"tag-featured-news","13":"tag-featurednews","14":"tag-headlines","15":"tag-latest-news","16":"tag-latestnews","17":"tag-latvia","18":"tag-latvian","19":"tag-latviesu","20":"tag-latviesu-valoda","21":"tag-latviesuvaloda","22":"tag-latvija","23":"tag-lv","24":"tag-news","25":"tag-popularakas-zinas","26":"tag-popularakaszinas","27":"tag-top-stories","28":"tag-topstories","29":"tag-world","30":"tag-world-news","31":"tag-worldnews","32":"tag-zinas","33":"tag-zinas-no-arvalstim"},"share_on_mastodon":{"url":"https:\/\/pubeurope.com\/@lv\/115648144515577923","error":""},"_links":{"self":[{"href":"https:\/\/www.europesays.com\/lv\/wp-json\/wp\/v2\/posts\/63392","targetHints":{"allow":["GET"]}}],"collection":[{"href":"https:\/\/www.europesays.com\/lv\/wp-json\/wp\/v2\/posts"}],"about":[{"href":"https:\/\/www.europesays.com\/lv\/wp-json\/wp\/v2\/types\/post"}],"author":[{"embeddable":true,"href":"https:\/\/www.europesays.com\/lv\/wp-json\/wp\/v2\/users\/2"}],"replies":[{"embeddable":true,"href":"https:\/\/www.europesays.com\/lv\/wp-json\/wp\/v2\/comments?post=63392"}],"version-history":[{"count":0,"href":"https:\/\/www.europesays.com\/lv\/wp-json\/wp\/v2\/posts\/63392\/revisions"}],"wp:featuredmedia":[{"embeddable":true,"href":"https:\/\/www.europesays.com\/lv\/wp-json\/wp\/v2\/media\/63393"}],"wp:attachment":[{"href":"https:\/\/www.europesays.com\/lv\/wp-json\/wp\/v2\/media?parent=63392"}],"wp:term":[{"taxonomy":"category","embeddable":true,"href":"https:\/\/www.europesays.com\/lv\/wp-json\/wp\/v2\/categories?post=63392"},{"taxonomy":"post_tag","embeddable":true,"href":"https:\/\/www.europesays.com\/lv\/wp-json\/wp\/v2\/tags?post=63392"}],"curies":[{"name":"wp","href":"https:\/\/api.w.org\/{rel}","templated":true}]}}