{"id":63413,"date":"2025-12-02T05:25:13","date_gmt":"2025-12-02T05:25:13","guid":{"rendered":"https:\/\/www.europesays.com\/lv\/63413\/"},"modified":"2025-12-02T05:25:13","modified_gmt":"2025-12-02T05:25:13","slug":"riga-ar-dazadiem-pasakumiem-atzimes-krisjana-valdemara-200-jubileju","status":"publish","type":"post","link":"https:\/\/www.europesays.com\/lv\/63413\/","title":{"rendered":"R\u012bg\u0101 ar da\u017e\u0101diem pas\u0101kumiem atz\u012bm\u0113s Kri\u0161j\u0101\u0146a Valdem\u0101ra 200. jubileju"},"content":{"rendered":"<p>Otrdien, 2. decembr\u012b, galvaspils\u0113t\u0101 ar daudzveid\u012bgu programmu atz\u012bm\u0113s jaunlatvie\u0161u kust\u012bbas iedvesmot\u0101ja, j\u016brniec\u012bbas populariz\u0113t\u0101ja un latvie\u0161u sabiedrisko ideju rosin\u0101t\u0101ja Kri\u0161j\u0101\u0146a Valdem\u0101ra (1825\u20131891) 200. jubileju. <\/p>\n<p>Jubilejas svin\u012bbas s\u0101ksies pulksten 10.00 ar ziedu nolik\u0161anu Kri\u0161j\u0101\u0146a Valdem\u0101ra atdusas viet\u0101 Lielajos kapos, kur piedal\u012bsies Saeimas priek\u0161s\u0113d\u0113t\u0101ja <a rel=\"noopener nofollow\" target=\"_blank\" href=\"https:\/\/www.delfi.lv\/temas\/55150078\/daiga-mierina\" tag-id=\"55150078\">Daiga Mieri\u0146a<\/a>, R\u012bgas pieminek\u013cu a\u0123ent\u016bras direktora pien\u0101kumu izpild\u012bt\u0101ja Daina P\u0113rkone un citi.<\/p>\n<p>Kri\u0161j\u0101\u0146a Valdem\u0101ra 200. jubilejas svin\u012bbas papildin\u0101s izst\u0101de Br\u012bv\u012bbas laukum\u0101, kuru pl\u0101nots atkl\u0101t pulksten 10.00. T\u0101 veidota sadarb\u012bb\u0101 starp R\u012bgas pieminek\u013cu a\u0123ent\u016bru un R\u012bgas Latvie\u0161u biedr\u012bbu.<\/p>\n<p>Bag\u0101t\u012bgajam pas\u0101kumu kl\u0101stam di\u017egara dzim\u0161anas dien\u0101 pievienosies ar\u012b &#8220;Latvijas Pasta&#8221; iniciat\u012bva \u2013 pastmarka un \u012bpa\u0161\u0101 dizaina aploksne &#8220;<a rel=\"noopener nofollow\" target=\"_blank\" href=\"https:\/\/www.delfi.lv\/temas\/44763728\/krisjanis-valdemars\" tag-id=\"44763728\">Kri\u0161j\u0101nis Valdem\u0101rs<\/a> \u2013 200&#8243;.<\/p>\n<p>Pastmarkas pirm\u0101s dienas z\u012bmogo\u0161ana notiks <a rel=\"noopener nofollow\" target=\"_blank\" href=\"https:\/\/www.delfi.lv\/temas\/41987820\/rigas-latviesu-biedriba\" tag-id=\"41987820\">R\u012bgas latvie\u0161u biedr\u012bbas<\/a> (RLB) \u0113k\u0101 Mer\u0137e\u013ca iel\u0101 13, R\u012bg\u0101, no pulksten 13.00 l\u012bdz 19.00, un turpat visas dienas garum\u0101 b\u016bs apskat\u0101ma RLB vizu\u0101l\u0101s m\u0101kslas komisijas izst\u0101de &#8220;Velt\u012bjums Kri\u0161j\u0101nim Valdem\u0101ram&#8221;. <\/p>\n<p><img decoding=\"async\" itemprop=\"image\" src=\"https:\/\/www.europesays.com\/lv\/wp-content\/uploads\/2025\/12\/ccb9e941-e297-4531-b8e5-bc42f018fa64.jpg\" title=\"R\u012bg\u0101 ar da\u017e\u0101diem pas\u0101kumiem atz\u012bm\u0113s Kri\u0161j\u0101\u0146a Valdem\u0101ra 200. jubileju\" alt=\"R\u012bg\u0101 ar da\u017e\u0101diem pas\u0101kumiem atz\u012bm\u0113s Kri\u0161j\u0101\u0146a Valdem\u0101ra 200. jubileju\" class=\"img-fluid w-100\" data-v-a1a92103=\"\"\/>Foto: Publicit\u0101tes foto<\/p>\n<p>Pastmarkas &#8220;Kri\u0161j\u0101nis Valdem\u0101rs \u2013 200&#8221; nomin\u0101lv\u0113rt\u012bba ir 2,30 eiro, un t\u0101 paredz\u0113ta vienk\u0101r\u0161as v\u0113stules l\u012bdz 20 g nos\u016bt\u012b\u0161anai Latvij\u0101. Pastmarka b\u016bs pieejama 10 000, savuk\u0101rt aploksne \u2013 500 eksempl\u0101ros. <\/p>\n<p><img decoding=\"async\" itemprop=\"image\" src=\"https:\/\/www.europesays.com\/lv\/wp-content\/uploads\/2025\/12\/9d4cedb6-edf3-4a77-8326-16d15e9b940d.jpg\" title=\"R\u012bg\u0101 ar da\u017e\u0101diem pas\u0101kumiem atz\u012bm\u0113s Kri\u0161j\u0101\u0146a Valdem\u0101ra 200. jubileju\" alt=\"R\u012bg\u0101 ar da\u017e\u0101diem pas\u0101kumiem atz\u012bm\u0113s Kri\u0161j\u0101\u0146a Valdem\u0101ra 200. jubileju\" class=\"img-fluid w-100\" data-v-a1a92103=\"\"\/>Foto: Publicit\u0101tes foto<\/p>\n<p>Filat\u0113lijas izdevumu dizaina autore ir m\u0101ksliniece <a rel=\"noopener nofollow\" target=\"_blank\" href=\"https:\/\/www.delfi.lv\/temas\/43202206\/lilija-dinere\" tag-id=\"43202206\">Lilija Dinere<\/a>. Pastmarkas un aploksnes s\u0101kotn\u0113ji var\u0113s ieg\u0101d\u0101ties liel\u0101ko pils\u0113tu klientu centros un pasta noda\u013c\u0101s, k\u0101 ar\u012b &#8220;Latvijas Pasta&#8221; <a rel=\"noopener nofollow\" target=\"_blank\" href=\"https:\/\/veikals.pasts.lv\/\" data-rel-date-range=\"[]\">e-veikal\u0101<\/a>.<\/p>\n<p>Savuk\u0101rt vakara nosl\u0113gum\u0101 pulksten 19.00 \u0113kas lielaj\u0101 z\u0101l\u0113 gaid\u0101ms jubilejas sv\u0113tku uzvedums &#8220;Mans sapnis par Latviju&#8221;.<\/p>\n<p>Pas\u0101kumu programma 2. decembr\u012b:<\/p>\n<ul>\n<li>\n<p>Pulksten 10.00 ziedu nolik\u0161ana un piemi\u0146as br\u012bdis K. Valdem\u0101ra atdusas viet\u0101 Lielajos kapos.<\/p>\n<\/li>\n<li>\n<p>Pulksten 10.00 izst\u0101des &#8220;Velt\u012bjums Kri\u0161j\u0101nim Valdem\u0101ram&#8221; atkl\u0101\u0161ana R\u012bgas Latvie\u0161u biedr\u012bb\u0101.<\/p>\n<\/li>\n<li>\n<p>Pulksten 13.00 \u201319.00 Latvijas Pasta izdot\u0101s pastmarkas &#8220;Kri\u0161j\u0101nim Valdem\u0101ram \u2013 200&#8221; pirm\u0101s dienas z\u012bmogo\u0161ana R\u012bgas Latvie\u0161u biedr\u012bbas vestibil\u0101.<\/p>\n<\/li>\n<li>\n<p>Pulksten 19.00 jubilejas sv\u0113tku uzvedums &#8220;Mans sapnis par Latviju&#8221; R\u012bgas Latvie\u0161u biedr\u012bb\u0101.<\/p>\n<\/li>\n<\/ul>\n<p>Kri\u0161j\u0101nis Valdem\u0101rs ir viens no spilgt\u0101kajiem 19. gadsimta latvie\u0161u sabiedrisk\u0101s domas l\u012bderiem, kas rad\u012bjis b\u016btisku ietekmi gan jaunlatvie\u0161u kust\u012bbas veido\u0161an\u0101, gan pirm\u0101s latvie\u0161u preses izveid\u0113, gan ar\u012b j\u016brniec\u012bb\u0101.<\/p>\n<p>Kri\u0161j\u0101nis Valdem\u0101ra noz\u012bm\u012bgais devums ir nov\u0113rt\u0113ts ne tikai Latvij\u0101. Vi\u0146a jubileja iek\u013cauta ar\u012b UNESCO svinamo gadadienu kalend\u0101r\u0101, kas starptautiski izce\u013c dal\u012bbvalstu \u012bpa\u0161\u0101s gadadienas, kas biju\u0161as iz\u0161\u0137ir\u012bgas svar\u012bgu ideju virz\u012bb\u0101, vai ar\u012b iev\u0113rojamu person\u012bbu jubilejas, kuri piedal\u012bju\u0161ies kult\u016bras, izgl\u012bt\u012bbas, zin\u0101tnes un citu UNESCO p\u0101rst\u0101v\u0113to jomu att\u012bst\u012bb\u0101.<\/p>\n<p>Kri\u0161j\u0101nis Valdem\u0101rs bija viens no pirmajiem pieciem R\u012bgas Latvie\u0161u biedr\u012bbas Goda biedriem, kas 1870. gada 15. febru\u0101r\u012b tika uz\u0146emti biedr\u012bbas runas v\u012bru sapulc\u0113,\u2013 l\u012bdz\u0101s Kurzemes gubernatoram Paulam fon Lilienfeldam, augsta ranga cara armijas virsniekam Aleksandram Kozlovam, skolot\u0101jam, publicistam, zin\u0101t\u0146u populariz\u0113t\u0101jam Ernestam Dinsbergam un latvie\u0161u kora m\u016bzikas pamatlic\u0113jam J\u0101nim Cimzem. <\/p>\n<p>\u0160is fakts apliecina Kri\u0161j\u0101\u0146a Valdem\u0101ra noz\u012bm\u012bgo lomu latvie\u0161u sabiedriskaj\u0101 dz\u012bv\u0113 un vi\u0146a cie\u0161o saist\u012bbu ar R\u012bgas Latvie\u0161u biedr\u012bbu \u2013 pirmo ofici\u0101li dibin\u0101to latvie\u0161u organiz\u0101ciju, kas kop\u0161 1868. gada k\u013cuvusi par vienu no latvie\u0161u kult\u016bras, izgl\u012bt\u012bbas un valstisk\u0101s apzi\u0146as pamatv\u0113rt\u012bb\u0101m.<\/p>\n<p>R\u012bg\u0101 Kri\u0161j\u0101\u0146a Valdem\u0101ra piemi\u0146a ir iem\u016b\u017ein\u0101ta gan \u012bpa\u0161\u0101 objekt\u0101, gan pils\u0113tas infrastrukt\u016br\u0101. 1996. gad\u0101 Kri\u0161j\u0101\u0146a Valdem\u0101ra un Arist\u012bda Bri\u0101na ielu krustojum\u0101 tika uzst\u0101d\u012bta piemi\u0146as z\u012bme \u2013 gran\u012bta monol\u012bts, kas atg\u0101dina ku\u0123a \u0137\u012bli. T\u0101s autors ir t\u0113lnieks <a rel=\"noopener nofollow\" target=\"_blank\" href=\"https:\/\/www.delfi.lv\/temas\/44387201\/glebs-pantelejevs\" tag-id=\"44387201\">G\u013cebs Pante\u013cejevs<\/a>.<\/p>\n<p>Valdem\u0101ra v\u0101rds dots vienai no centr\u0101laj\u0101m R\u012bgas ma\u0123istr\u0101laj\u0101m iel\u0101m \u2013 Kri\u0161j\u0101\u0146a Valdem\u0101ra ielai. Iela ir 5,3 kilometrus gara un savieno abus Daugavas krastus, \u0161\u0137\u0113rsojot \u0100genskalna, \u0136\u012bpsalas, Vecr\u012bgas, Centra un Brasas apkaimes. T\u0101 s\u0101kas krustojum\u0101 ar Slokas un Kalnciema iel\u0101m un nosl\u0113dzas pie Skanstes un Upes ielu krustojuma.<\/p>\n<p class=\"m-0\">Seko &#8220;Delfi&#8221; ar\u012b  <a target=\"_blank\" href=\"https:\/\/www.instagram.com\/delfi.lv\/\" rel=\"nofollow noopener\">Instagram<\/a>  un <a target=\"_blank\" href=\"https:\/\/www.youtube.com\/channel\/UCw5foWtcJvAbUm64rv7jwUQ\" rel=\"nofollow noopener\">YouTube<\/a>  profil\u0101 \u2013 pievienojies, lai uzzin\u0101tu svar\u012bg\u0101ko un interesant\u0101ko pirmais!<\/p>\n<p>Publik\u0101cijas saturs vai t\u0101s jebk\u0101da apjoma da\u013ca ir aizsarg\u0101ts autorties\u012bbu objekts Autorties\u012bbu likuma izpratn\u0113, un t\u0101 izmanto\u0161ana bez izdev\u0113ja at\u013caujas ir aizliegta. Vair\u0101k lasi  <a target=\"_blank\" href=\"https:\/\/www.delfi.lv\/noteikumi#autortiesibas\" rel=\"nofollow noopener\">\u0161eit<\/a><script async src=\"\/\/www.instagram.com\/embed.js\"><\/script><\/p>\n","protected":false},"excerpt":{"rendered":"Otrdien, 2. decembr\u012b, galvaspils\u0113t\u0101 ar daudzveid\u012bgu programmu atz\u012bm\u0113s jaunlatvie\u0161u kust\u012bbas iedvesmot\u0101ja, j\u016brniec\u012bbas populariz\u0113t\u0101ja un latvie\u0161u sabiedrisko ideju rosin\u0101t\u0101ja&hellip;\n","protected":false},"author":2,"featured_media":63414,"comment_status":"","ping_status":"","sticky":false,"template":"","format":"standard","meta":{"footnotes":""},"categories":[12],"tags":[23,28,29,3524,32,33,16662,22,16663,30,31,35,39,38,36,37,34,16661,40,20,26,27,16660,24,25,21],"class_list":{"0":"post-63413","1":"post","2":"type-post","3":"status-publish","4":"format-standard","5":"has-post-thumbnail","7":"category-latvija","8":"tag-aktualitates","9":"tag-breaking-news","10":"tag-breakingnews","11":"tag-daiga-mierina","12":"tag-featured-news","13":"tag-featurednews","14":"tag-glebs-pantelejevs","15":"tag-headlines","16":"tag-krisjanis-valdemars","17":"tag-latest-news","18":"tag-latestnews","19":"tag-latvia","20":"tag-latvian","21":"tag-latviesu","22":"tag-latviesu-valoda","23":"tag-latviesuvaloda","24":"tag-latvija","25":"tag-lilija-dinere","26":"tag-lv","27":"tag-news","28":"tag-popularakas-zinas","29":"tag-popularakaszinas","30":"tag-rigas-latviesu-biedriba","31":"tag-top-stories","32":"tag-topstories","33":"tag-zinas"},"share_on_mastodon":{"url":"https:\/\/pubeurope.com\/@lv\/115648313781493372","error":""},"_links":{"self":[{"href":"https:\/\/www.europesays.com\/lv\/wp-json\/wp\/v2\/posts\/63413","targetHints":{"allow":["GET"]}}],"collection":[{"href":"https:\/\/www.europesays.com\/lv\/wp-json\/wp\/v2\/posts"}],"about":[{"href":"https:\/\/www.europesays.com\/lv\/wp-json\/wp\/v2\/types\/post"}],"author":[{"embeddable":true,"href":"https:\/\/www.europesays.com\/lv\/wp-json\/wp\/v2\/users\/2"}],"replies":[{"embeddable":true,"href":"https:\/\/www.europesays.com\/lv\/wp-json\/wp\/v2\/comments?post=63413"}],"version-history":[{"count":0,"href":"https:\/\/www.europesays.com\/lv\/wp-json\/wp\/v2\/posts\/63413\/revisions"}],"wp:featuredmedia":[{"embeddable":true,"href":"https:\/\/www.europesays.com\/lv\/wp-json\/wp\/v2\/media\/63414"}],"wp:attachment":[{"href":"https:\/\/www.europesays.com\/lv\/wp-json\/wp\/v2\/media?parent=63413"}],"wp:term":[{"taxonomy":"category","embeddable":true,"href":"https:\/\/www.europesays.com\/lv\/wp-json\/wp\/v2\/categories?post=63413"},{"taxonomy":"post_tag","embeddable":true,"href":"https:\/\/www.europesays.com\/lv\/wp-json\/wp\/v2\/tags?post=63413"}],"curies":[{"name":"wp","href":"https:\/\/api.w.org\/{rel}","templated":true}]}}