{"id":63435,"date":"2025-12-02T05:51:10","date_gmt":"2025-12-02T05:51:10","guid":{"rendered":"https:\/\/www.europesays.com\/lv\/63435\/"},"modified":"2025-12-02T05:51:10","modified_gmt":"2025-12-02T05:51:10","slug":"dzintaros-noskaidroti-jauno-izpilditaju-konkursa-ineses-galantes-talanti-2025-laureati","status":"publish","type":"post","link":"https:\/\/www.europesays.com\/lv\/63435\/","title":{"rendered":"Dzintaros noskaidroti jauno izpild\u012bt\u0101ju konkursa &#8220;Ineses Galantes talanti 2025&#8221; laure\u0101ti"},"content":{"rendered":"<p>Aizvad\u012btaj\u0101 sv\u0113tdien\u0101 Dzintaru koncertz\u0101les Mazaj\u0101 z\u0101l\u0113 notika klasisk\u0101s m\u016bzikas jauno izpild\u012bt\u0101ju konkursa \u201cIneses Galantes talanti 2025\u201d fin\u0101ls un uzvar\u0113t\u0101ju apbalvo\u0161ana. Rado\u0161o sacens\u012bbu fin\u0101l\u0101 iek\u013cuva 31 talant\u012bgs vok\u0101lists un instrument\u0101lists, kuri \u017e\u016brijai, pas\u0101kuma skat\u012bt\u0101jiem un visiem, kas att\u0101lin\u0101ti v\u0113roja tie\u0161raidi, d\u0101v\u0101ja spo\u017eu, neaizmirstamu koncertu.<\/p>\n<p>Konkursa organizatori kop\u0101 ar t\u0101 iedvesmot\u0101ju un m\u016bzu, operas d\u012bvu Inesi Galanti konkursu r\u012bkoja jau divpadsmito reizi, tas ir k\u013cuvis par presti\u017e\u0101m sacens\u012bb\u0101m un katru gadu atkl\u0101j jaunus spo\u017eus v\u0101rdus m\u016bzikas pasaul\u0113.<\/p>\n<p>Konkursa \u201cIneses Galantes talanti 2025\u201d laure\u0101ti: <\/p>\n<p>kategorij\u0101 \u201cVok\u0101l\u0101 m\u0101ksla\u201d \u2013 Adelina Valijeva (1.vieta), Agneta Ota\u0146\u0137e\u00a0 (2.vieta), Sanita Roze\u00a0 (3.vieta);<br \/>kategorij\u0101 \u201cSt\u012bgu instrumentu sp\u0113le\u201d \u2013 Toms Augusts Goba (\u010dells, 1.vieta), Viktorija Tarnavska (vijole, 2.vieta), Marija Luc\u0113vi\u010da (kokle, 3.vieta);<br \/>kategorij\u0101 \u201cTausti\u0146instrumentu sp\u0113le\u201d \u2013 Melisa Takanbekova (klavieres, 1.vieta), Estere Damb\u012bte (klavieres, 2.vieta), Toms Rolavs (akordeons, 3.vieta);<br \/>kategorij\u0101 \u201cSitaminstrumentu un p\u016b\u0161aminstrumentu sp\u0113le\u201d \u2013 Pauls Stradi\u0146\u0161 (sitaminstrumenti, 1.vieta), Anete Duntava (flauta, 2.vieta), F\u0113likss Krievs (sitaminstrumenti, 3.vieta).<\/p>\n<p>Publikas simp\u0101tiju balvu \u2013 d\u0101vanu karti 200 eiro vert\u012bb\u0101 \u2013 sa\u0146\u0113ma pianiste Danute Rudovi\u010da, vi\u0146a ieguva visvair\u0101k balsu konkursa ofici\u0101laj\u0101 vietn\u0113. Savuk\u0101rt personisku Ineses Galantes meistarklasi sa\u0146ems vok\u0101listi El\u012bza Kupruka, Edvars Em\u012bls Tauv\u0113ns un Daniils Lugovskis.<\/p>\n<p>L\u012bdztekus naudas balv\u0101m un d\u0101van\u0101m konkursa laure\u0101ti sa\u0146em nenov\u0113rt\u0113jamu iesp\u0113ju piedal\u012bties svar\u012bgos kult\u016bras pas\u0101kumos, kurus organiz\u0113 Ineses Galantes fonds un t\u0101 partneri.<\/p>\n<p>Konkursa \u201cIneses Galantes talanti 2025\u201d \u017e\u016brij\u0101 darboj\u0101s: pianists, J\u0101zepa V\u012btola Latvijas m\u016bzikas akad\u0113mijas Klavieru katedras asoci\u0113tais profesors Toms Ostrovskis; komponists, diri\u0123ents, J\u0101zepa V\u012btola Latvijas m\u016bzikas akad\u0113mijas Or\u0137estra diri\u0123\u0113\u0161anas katedras vad\u012bt\u0101js, profesors Andris Vecumnieks; Latvijas Nacion\u0101l\u0101 simfonisk\u0101 or\u0137estra vijolniece, asoci\u0113t\u0101 profesore, J\u0101zepa V\u012btola Latvijas m\u016bzikas akad\u0113mijas St\u012bgu instrumentu katedras vad\u012bt\u0101ja Ter\u0113ze Z\u012bberte-Ijaba; J\u0101zepa Medi\u0146a R\u012bgas m\u016bzikas vidusskolas direktors, saksofonists Ainars \u0160ablovskis; kontrtenors Sergejs J\u0113gers; pianists, presti\u017eu starptautisko konkursu laure\u0101ts, J\u0101zepa V\u012btola Latvijas m\u016bzikas akad\u0113mijas Klavieru katedras\u00a0vad\u012bt\u0101js Andrejs Osokins; m\u016bzikas pedago\u0123e Dagnija Sta\u0137e.<\/p>\n<p>\u017d\u016brijas priek\u0161s\u0113d\u0113t\u0101ja ir konkursa patronese, Tr\u012bs zvaig\u017e\u0146u orde\u0146a kavaliere, operdzied\u0101t\u0101ja\u00a0Inese\u00a0Galante.<\/p>\n","protected":false},"excerpt":{"rendered":"Aizvad\u012btaj\u0101 sv\u0113tdien\u0101 Dzintaru koncertz\u0101les Mazaj\u0101 z\u0101l\u0113 notika klasisk\u0101s m\u016bzikas jauno izpild\u012bt\u0101ju konkursa \u201cIneses Galantes talanti 2025\u201d fin\u0101ls un&hellip;\n","protected":false},"author":2,"featured_media":63436,"comment_status":"","ping_status":"","sticky":false,"template":"","format":"standard","meta":{"footnotes":""},"categories":[19],"tags":[89,90,114,35,39,38,36,37,34,40,629],"class_list":{"0":"post-63435","1":"post","2":"type-post","3":"status-publish","4":"format-standard","5":"has-post-thumbnail","7":"category-izklaide","8":"tag-entertainment","9":"tag-izklaide","10":"tag-jurmala","11":"tag-latvia","12":"tag-latvian","13":"tag-latviesu","14":"tag-latviesu-valoda","15":"tag-latviesuvaloda","16":"tag-latvija","17":"tag-lv","18":"tag-pierigas-zinas"},"share_on_mastodon":{"url":"https:\/\/pubeurope.com\/@lv\/115648415861916194","error":""},"_links":{"self":[{"href":"https:\/\/www.europesays.com\/lv\/wp-json\/wp\/v2\/posts\/63435","targetHints":{"allow":["GET"]}}],"collection":[{"href":"https:\/\/www.europesays.com\/lv\/wp-json\/wp\/v2\/posts"}],"about":[{"href":"https:\/\/www.europesays.com\/lv\/wp-json\/wp\/v2\/types\/post"}],"author":[{"embeddable":true,"href":"https:\/\/www.europesays.com\/lv\/wp-json\/wp\/v2\/users\/2"}],"replies":[{"embeddable":true,"href":"https:\/\/www.europesays.com\/lv\/wp-json\/wp\/v2\/comments?post=63435"}],"version-history":[{"count":0,"href":"https:\/\/www.europesays.com\/lv\/wp-json\/wp\/v2\/posts\/63435\/revisions"}],"wp:featuredmedia":[{"embeddable":true,"href":"https:\/\/www.europesays.com\/lv\/wp-json\/wp\/v2\/media\/63436"}],"wp:attachment":[{"href":"https:\/\/www.europesays.com\/lv\/wp-json\/wp\/v2\/media?parent=63435"}],"wp:term":[{"taxonomy":"category","embeddable":true,"href":"https:\/\/www.europesays.com\/lv\/wp-json\/wp\/v2\/categories?post=63435"},{"taxonomy":"post_tag","embeddable":true,"href":"https:\/\/www.europesays.com\/lv\/wp-json\/wp\/v2\/tags?post=63435"}],"curies":[{"name":"wp","href":"https:\/\/api.w.org\/{rel}","templated":true}]}}