{"id":63461,"date":"2025-12-02T06:25:06","date_gmt":"2025-12-02T06:25:06","guid":{"rendered":"https:\/\/www.europesays.com\/lv\/63461\/"},"modified":"2025-12-02T06:25:06","modified_gmt":"2025-12-02T06:25:06","slug":"krievija-joprojam-sagaida-ukrainas-kapitulaciju","status":"publish","type":"post","link":"https:\/\/www.europesays.com\/lv\/63461\/","title":{"rendered":"Krievija joproj\u0101m sagaida Ukrainas kapitul\u0101ciju"},"content":{"rendered":"<p>Vi\u0146\u0161 teica, ka \u0161obr\u012bd b\u016btu piesardz\u012bgs v\u0113rt\u0113jumos par miera pan\u0101k\u0161anu, jo pie sarunu galda &#8220;t\u0101 re\u0101li neesam redz\u0113ju\u0161i pa\u0161u Krieviju&#8221;. &#8220;L\u012bdz ar to, manupr\u0101t, vismaz pagaid\u0101m \u0161\u0137iet, ka t\u0101 joproj\u0101m sagaida diezgan nopietnu kapitul\u0101ciju no Ukrainas puses ar iesp\u0113ju, ja nepiecie\u0161ams, turpin\u0101t \u0161\u0101du uzbrukumu. Un nedom\u0101ju, ka Ukraina tam piekrit\u012bs,&#8221; vi\u0146\u0161 teica.<\/p>\n<p>S\u0101rts ar\u012b koment\u0113ja, ka \u0161aj\u0101 gad\u012bjum\u0101 nav tik daudz runa par Krievijas nost\u0101ju, k\u0101 par viena cilv\u0113ka &#8211; Krievijas diktatora Vladimira Putina &#8211; nost\u0101ju. &#8220;Manupr\u0101t, vi\u0146i m\u0113r\u0137\u0113 uz t\u0101du mieru jeb pauzi, kur\u0101 Ukraina ir v\u0101ja un nov\u0101jin\u0101ta un vi\u0146i var m\u0113\u0123in\u0101t turpin\u0101t ieg\u016bt ietekmi Ukrain\u0101 ar citiem instrumentiem,&#8221; sac\u012bja S\u0101rts.<\/p>\n<p>Vi\u0146\u0161 ar\u012b nor\u0101d\u012bja, ka aizvien notiek divu resursu savstarp\u0113ja c\u012b\u0146a. Tas ir Krievijas resurss, kuru arvien vair\u0101k atbalsta \u0136\u012bna, un tas sav\u0101 zi\u0146\u0101 izskaidro, k\u0101p\u0113c Krievija karu var tik ilgi turpin\u0101t. Un Ukraina, kuras resurss ir maz\u0101ks, bet kuru atbalsta Eiropa un Rietumu pasaule &#8211; \u0161obr\u012bd gan vair\u0101k Eiropa, nek\u0101 visa Rietumu pasaule. Jaut\u0101jums ir par to, kuram \u0161ie resursi s\u0101ks pietr\u016bkt pirmajam, sac\u012bja S\u0101rts.<\/p>\n","protected":false},"excerpt":{"rendered":"Vi\u0146\u0161 teica, ka \u0161obr\u012bd b\u016btu piesardz\u012bgs v\u0113rt\u0113jumos par miera pan\u0101k\u0161anu, jo pie sarunu galda &#8220;t\u0101 re\u0101li neesam redz\u0113ju\u0161i&hellip;\n","protected":false},"author":2,"featured_media":63462,"comment_status":"","ping_status":"","sticky":false,"template":"","format":"standard","meta":{"footnotes":""},"categories":[12],"tags":[23,28,29,32,33,22,5190,74,30,31,35,39,38,36,37,34,40,71,20,26,27,24,25,21],"class_list":{"0":"post-63461","1":"post","2":"type-post","3":"status-publish","4":"format-standard","5":"has-post-thumbnail","7":"category-latvija","8":"tag-aktualitates","9":"tag-breaking-news","10":"tag-breakingnews","11":"tag-featured-news","12":"tag-featurednews","13":"tag-headlines","14":"tag-janis-sarts","15":"tag-krievijas-iebrukums-ukraina","16":"tag-latest-news","17":"tag-latestnews","18":"tag-latvia","19":"tag-latvian","20":"tag-latviesu","21":"tag-latviesu-valoda","22":"tag-latviesuvaloda","23":"tag-latvija","24":"tag-lv","25":"tag-nato","26":"tag-news","27":"tag-popularakas-zinas","28":"tag-popularakaszinas","29":"tag-top-stories","30":"tag-topstories","31":"tag-zinas"},"share_on_mastodon":{"url":"https:\/\/pubeurope.com\/@lv\/115648549619326733","error":""},"_links":{"self":[{"href":"https:\/\/www.europesays.com\/lv\/wp-json\/wp\/v2\/posts\/63461","targetHints":{"allow":["GET"]}}],"collection":[{"href":"https:\/\/www.europesays.com\/lv\/wp-json\/wp\/v2\/posts"}],"about":[{"href":"https:\/\/www.europesays.com\/lv\/wp-json\/wp\/v2\/types\/post"}],"author":[{"embeddable":true,"href":"https:\/\/www.europesays.com\/lv\/wp-json\/wp\/v2\/users\/2"}],"replies":[{"embeddable":true,"href":"https:\/\/www.europesays.com\/lv\/wp-json\/wp\/v2\/comments?post=63461"}],"version-history":[{"count":0,"href":"https:\/\/www.europesays.com\/lv\/wp-json\/wp\/v2\/posts\/63461\/revisions"}],"wp:featuredmedia":[{"embeddable":true,"href":"https:\/\/www.europesays.com\/lv\/wp-json\/wp\/v2\/media\/63462"}],"wp:attachment":[{"href":"https:\/\/www.europesays.com\/lv\/wp-json\/wp\/v2\/media?parent=63461"}],"wp:term":[{"taxonomy":"category","embeddable":true,"href":"https:\/\/www.europesays.com\/lv\/wp-json\/wp\/v2\/categories?post=63461"},{"taxonomy":"post_tag","embeddable":true,"href":"https:\/\/www.europesays.com\/lv\/wp-json\/wp\/v2\/tags?post=63461"}],"curies":[{"name":"wp","href":"https:\/\/api.w.org\/{rel}","templated":true}]}}