{"id":63463,"date":"2025-12-02T06:26:08","date_gmt":"2025-12-02T06:26:08","guid":{"rendered":"https:\/\/www.europesays.com\/lv\/63463\/"},"modified":"2025-12-02T06:26:08","modified_gmt":"2025-12-02T06:26:08","slug":"pavests-leo-xiv-libana-aicina-uz-mieru-un-uzsver-kristiesu-nozimi-tuvajos-austrumos-lente-lv","status":"publish","type":"post","link":"https:\/\/www.europesays.com\/lv\/63463\/","title":{"rendered":"P\u0101vests Leo XIV Lib\u0101n\u0101 aicina uz mieru un uzsver kristie\u0161u noz\u012bmi Tuvajos Austrumos\u00a0\u2014\u00a0Lente.lv"},"content":{"rendered":"<p>P\u0101vesta aicin\u0101jums uz mieru un cer\u012bba Lib\u0101nai<\/p>\n<p>Sav\u0101 pirmaj\u0101 apmekl\u0113juma dien\u0101 Lib\u0101n\u0101, p\u0101vests Leo XIV svin\u0113ja \u0161\u012bs valsts ilggad\u0113jo kopdz\u012bves trad\u012bciju starp kristie\u0161iem un musulma\u0146iem, d\u0113v\u0113jot to par cer\u012bbas b\u0101ku sasp\u012bl\u0113taj\u0101 re\u0123ion\u0101. Vi\u0146a v\u0113st\u012bjums uzsv\u0113ra \u201cdievi\u0161\u0137o miera d\u0101vanu\u201d tik\u0161an\u0101s laik\u0101 ar Lib\u0101nas reli\u0123iskajiem l\u012bderiem. P\u0101vestu sagaid\u012bja ar lielu entuziasmu, ko apliecin\u0101ja vi\u0146a att\u0113lu rot\u0101t\u0101s stendas gar autostr\u0101di un t\u016bksto\u0161iem lib\u0101nie\u0161u, kas, par sp\u012bti lietum, pulc\u0113j\u0101s, lai sveicin\u0101tu vi\u0146a motoriz\u0113to kolonnu galvaspils\u0113t\u0101 Beir\u016bt\u0101.<\/p>\n<p>Ekumenisk\u0101 un starpreli\u0123iju tik\u0161an\u0101s, kas notika Mocek\u013cu laukum\u0101 Beir\u016bt\u0101, pulc\u0113ja Lib\u0101nas kristie\u0161u patriarhus un sunn\u012btu, \u0161i\u012btu un druzu gar\u012bdzniekus zem kop\u012bga telts. P\u0113c himnu un B\u012bbeles un Kor\u0101na las\u012bjumu noklaus\u012b\u0161an\u0101s, p\u0101vests Leo slav\u0113ja Lib\u0101nas reli\u0123isk\u0101s ieciet\u012bbas trad\u012bciju k\u0101 spo\u017eu piem\u0113ru \u201cdievi\u0161\u0137ajai miera d\u0101vanai\u201d vis\u0101 re\u0123ion\u0101.<\/p>\n<p>Lib\u0101nas kopdz\u012bve \u2013 cer\u012bbas sign\u0101ls<\/p>\n<p>P\u0101vests Leo XIV, kop\u0101 ar augst\u0101k\u0101s \u0161i\u012btu isl\u0101ma padomes viceprezidentu \u0160eihu Ali al-H\u0101tibu, maron\u012btu patriarhu Be\u0161aru Rai un Lib\u0101nas sunn\u012btu lielmufi \u0160eihu Abdulmuhamad Zaatari, uzsv\u0113ra, ka laikmet\u0101, kad kopdz\u012bve \u0161\u0137iet \u201ct\u0101ls sapnis\u201d, Lib\u0101nas iedz\u012bvot\u0101ji, neskatoties uz at\u0161\u0137ir\u012bgo tic\u012bbu, ir sp\u0113c\u012bgs atg\u0101din\u0101jums, ka bail\u0113m, neuztic\u012bbai un aizspriedumiem nav p\u0113d\u0113j\u0101 v\u0101rda. Vi\u0146\u0161 nor\u0101d\u012bja, ka vienot\u012bba, izl\u012bgums un miers ir sasniedzami.<\/p>\n<blockquote>\n<p>\u201cLaikmet\u0101, kad kopdz\u012bve var \u0161\u0137ist k\u0101 t\u0101ls sapnis, Lib\u0101nas tauta, pie\u0146emot da\u017e\u0101das reli\u0123ijas, ir sp\u0113c\u012bgs atg\u0101din\u0101jums, ka bail\u0113m, neuztic\u012bbai un aizspriedumiem nav p\u0113d\u0113j\u0101 v\u0101rda, un ka vienot\u012bba, izl\u012bgums un miers ir iesp\u0113jami,\u201d sac\u012bja p\u0101vests Leo XIV.<\/p>\n<\/blockquote>\n<p>\u0160\u012b v\u0113st\u012bjuma svar\u012bgumu pastiprin\u0101ja p\u0101vesta atzi\u0146a par Lib\u0101nas un t\u0101s kristie\u0161u noz\u012bmi kato\u013cu bazn\u012bc\u0101. \u0160\u012b vieta, ko sv\u0113tais J\u0101nis P\u0101vils II reiz d\u0113v\u0113ja par ko vair\u0101k nek\u0101 tikai valsti \u2013 par br\u012bv\u012bbas v\u0113sti pasaulei \u2013 joproj\u0101m ir simbols. Pas\u0101kuma nosl\u0113gum\u0101 reli\u0123iskie l\u012bderi kop\u012bgi iest\u0101d\u012bja ol\u012bvkoku, simboliz\u0113jot mieru.<\/p>\n<p>Ce\u013c\u0161 uz mieru caur sare\u017e\u0123\u012btiem laikiem<\/p>\n<p>Lai gan Lib\u0101na m\u016bsdien\u0101s bie\u017ei tiek min\u0113ta k\u0101 reli\u0123isk\u0101s l\u012bdz\u0101spast\u0101v\u0113\u0161anas paraugs, t\u0101s v\u0113sture nav vienm\u0113r bijusi tik harmoniska. Valsts pilso\u0146u kar\u0161, kas ilga no 1975. l\u012bdz 1990. gadam, liel\u0101 m\u0113r\u0101 norisin\u0101j\u0101s uz sektantu pamata. P\u0101vesta viz\u012bte notiek \u012bpa\u0161i saspringt\u0101 laik\u0101 mazajai Vidusj\u016bras valstij, kas piedz\u012bvojusi gadus ilgu kr\u012b\u017eu, ekonomisk\u0101 sabrukuma un politisk\u0101 strupce\u013ca periodu, ko v\u0113l vair\u0101k saasin\u0101ja 2020. gad\u0101 notiku\u0161ais Beir\u016btas ostas spr\u0101dziens.<\/p>\n<p>Konflikta Gaz\u0101 un pieaugo\u0161o politisko spriedzi Lib\u0101n\u0101 laik\u0101, p\u0101vesta Leo viz\u012bte tika sagaid\u012bta k\u0101 cer\u012bbas z\u012bme. K\u0101 nor\u0101d\u012bjis kato\u013cu skolu \u0123ener\u0101lsekret\u0101rs Lib\u0101n\u0101, t\u0113vs Jusifs Nasrs: \u201cMums, lib\u0101nie\u0161iem, ir nepiecie\u0161ama \u0161\u012b viz\u012bte p\u0113c visiem kariem, kr\u012bz\u0113m un izmisuma, ko esam piedz\u012bvoju\u0161i. T\u0101 dod jaunu stimulu lib\u0101nie\u0161iem piecelties un tur\u0113ties pie savas valsts.\u201d<\/p>\n<p>P\u0113d\u0113j\u0101 laik\u0101 Lib\u0101nu dzi\u013ci polariz\u0113 diskusijas par Hezbollah, Lib\u0101nas bru\u0146oto grup\u0113jumu un politisko partiju, atbru\u0146o\u0161anos, \u012bpa\u0161i p\u0113c kara ar Izra\u0113lu pag\u0101ju\u0161aj\u0101 gad\u0101, kas valsti dzi\u013ci saboj\u0101ja. Neraugoties uz pamieru, Izra\u0113la veic gandr\u012bz ikdienas uzlidojumus, m\u0113r\u0137\u0113jot Hezbollah dal\u012bbniekus.<\/p>\n<p>Kristie\u0161u noz\u012bme un aicin\u0101jums palikt<\/p>\n<p>Lib\u0101nas sunn\u012btu lielmufi Abdul Latifs Derians, sagaidot p\u0101vestu, atcer\u0113j\u0101s lab\u0101s attiec\u012bbas, kas tika veidotas ar vi\u0146a priek\u0161g\u0101j\u0113ju, p\u0101vestu Francisku. Vi\u0146\u0161 atsauc\u0101s uz 2019. gad\u0101 parakst\u012bto kop\u012bgo pazi\u0146ojumu par cilv\u0113cisko br\u0101l\u012bbu starp Francisku un Al-Azhar universit\u0101tes (sunn\u012btu m\u0101c\u012bbu centra) lielimamu \u0160eihu Ahmadu al-Tajebu. \u201cLib\u0101na ir \u0161\u012bs v\u0113st\u012bjuma zeme,\u201d piebilda Derians.<\/p>\n<p>Pa\u0161laik kristie\u0161i veido aptuveni tre\u0161da\u013cu no Lib\u0101nas 5 miljonu iedz\u012bvot\u0101ju skaita, padarot \u0161o nelielo Vidusj\u016bras austrumu krasta valsti par valsti ar visliel\u0101ko kristie\u0161u \u012bpatsvaru Tuvajos Austrumos. Kop\u0161 neatkar\u012bbas ieg\u016b\u0161anas no Francijas past\u0101v varas dal\u012b\u0161anas vieno\u0161an\u0101s, kas paredz, ka prezidents ir maron\u012btu kristietis, padarot Lib\u0101nu par vien\u012bgo ar\u0101bu valsti, kurai ir kristie\u0161u valsts galva. Vatik\u0101ns kristie\u0161u kl\u0101tb\u016btni Lib\u0101n\u0101 uzskata par balstu bazn\u012bcai re\u0123ion\u0101. Neskatoties uz izce\u013co\u0161anu p\u0113c pilso\u0146u kara, Lib\u0101nas kristie\u0161i ir iztur\u0113ju\u0161i sav\u0101 dzimtaj\u0101 zem\u0113. Isl\u0101ma valsts (ISIS) grup\u0113juma pieaugums, kas tika sakauts 2019. gad\u0101, piespieda daudzus kristie\u0161us no Ir\u0101kas un S\u012brijas b\u0113gt.<\/p>\n","protected":false},"excerpt":{"rendered":"P\u0101vesta aicin\u0101jums uz mieru un cer\u012bba Lib\u0101nai Sav\u0101 pirmaj\u0101 apmekl\u0113juma dien\u0101 Lib\u0101n\u0101, p\u0101vests Leo XIV svin\u0113ja \u0161\u012bs valsts&hellip;\n","protected":false},"author":2,"featured_media":63464,"comment_status":"","ping_status":"","sticky":false,"template":"","format":"standard","meta":{"footnotes":""},"categories":[5],"tags":[23,28,29,32,33,22,16383,30,31,35,39,38,36,37,34,12804,40,15950,20,15948,26,27,16669,24,25,21],"class_list":{"0":"post-63463","1":"post","2":"type-post","3":"status-publish","4":"format-standard","5":"has-post-thumbnail","7":"category-aktualitates","8":"tag-aktualitates","9":"tag-breaking-news","10":"tag-breakingnews","11":"tag-featured-news","12":"tag-featurednews","13":"tag-headlines","14":"tag-kristiesi-tuvajos-austrumos","15":"tag-latest-news","16":"tag-latestnews","17":"tag-latvia","18":"tag-latvian","19":"tag-latviesu","20":"tag-latviesu-valoda","21":"tag-latviesuvaloda","22":"tag-latvija","23":"tag-libana","24":"tag-lv","25":"tag-miers","26":"tag-news","27":"tag-pavests-leo-xiv","28":"tag-popularakas-zinas","29":"tag-popularakaszinas","30":"tag-religiska-kopdzive","31":"tag-top-stories","32":"tag-topstories","33":"tag-zinas"},"share_on_mastodon":{"url":"https:\/\/pubeurope.com\/@lv\/115648553538874660","error":""},"_links":{"self":[{"href":"https:\/\/www.europesays.com\/lv\/wp-json\/wp\/v2\/posts\/63463","targetHints":{"allow":["GET"]}}],"collection":[{"href":"https:\/\/www.europesays.com\/lv\/wp-json\/wp\/v2\/posts"}],"about":[{"href":"https:\/\/www.europesays.com\/lv\/wp-json\/wp\/v2\/types\/post"}],"author":[{"embeddable":true,"href":"https:\/\/www.europesays.com\/lv\/wp-json\/wp\/v2\/users\/2"}],"replies":[{"embeddable":true,"href":"https:\/\/www.europesays.com\/lv\/wp-json\/wp\/v2\/comments?post=63463"}],"version-history":[{"count":0,"href":"https:\/\/www.europesays.com\/lv\/wp-json\/wp\/v2\/posts\/63463\/revisions"}],"wp:featuredmedia":[{"embeddable":true,"href":"https:\/\/www.europesays.com\/lv\/wp-json\/wp\/v2\/media\/63464"}],"wp:attachment":[{"href":"https:\/\/www.europesays.com\/lv\/wp-json\/wp\/v2\/media?parent=63463"}],"wp:term":[{"taxonomy":"category","embeddable":true,"href":"https:\/\/www.europesays.com\/lv\/wp-json\/wp\/v2\/categories?post=63463"},{"taxonomy":"post_tag","embeddable":true,"href":"https:\/\/www.europesays.com\/lv\/wp-json\/wp\/v2\/tags?post=63463"}],"curies":[{"name":"wp","href":"https:\/\/api.w.org\/{rel}","templated":true}]}}