{"id":63475,"date":"2025-12-02T06:44:09","date_gmt":"2025-12-02T06:44:09","guid":{"rendered":"https:\/\/www.europesays.com\/lv\/63475\/"},"modified":"2025-12-02T06:44:09","modified_gmt":"2025-12-02T06:44:09","slug":"soruden-ridzinieki-nodevusi-vairak-neka-4000-tonnas-rudens-lapu","status":"publish","type":"post","link":"https:\/\/www.europesays.com\/lv\/63475\/","title":{"rendered":"\u0160oruden r\u012bdzinieki nodevu\u0161i vair\u0101k nek\u0101 4000 tonnas rudens lapu"},"content":{"rendered":"<p>\u0160oruden \u010detr\u0101s ned\u0113\u013c\u0101s r\u012bdzinieki nodevu\u0161i 4163 tonnas rudens lapu, inform\u0113ja pils\u0113tas pa\u0161vald\u012bb\u0101.<\/p>\n<p>Novembra ned\u0113\u013cas nogal\u0113s, k\u0101 ar\u012b da\u017eos nodo\u0161anas punktos ar\u012b darba dien\u0101s iedz\u012bvot\u0101jiem bija iesp\u0113ja bez maksas nodot ruden\u012b sav\u0101kt\u0101s koku un kr\u016bmu lapas. Iedz\u012bvot\u0101ji \u010detr\u0101s lapu nodo\u0161anas ned\u0113\u013c\u0101s nodevu\u0161i 13 875 kubikmetrus jeb 4163 tonnas lapu.<\/p>\n<p>Sal\u012bdzin\u0101jum\u0101 ar 2024. gadu nodots par 861 tonnu vair\u0101k lapu. Katru gadu nodoto lapu apjoms palielin\u0101s &#8211; 2023. gad\u0101 iedz\u012bvot\u0101ji nodevu\u0161i 2703 tonnas lapu, savuk\u0101rt 2022. gad\u0101 &#8211; 2968 tonnas.<\/p>\n<p>P\u0113d\u0113j\u0101 lapu nodo\u0161anas ned\u0113\u013c\u0101, no 24. novembra l\u012bdz 1. decembrim, nodotas 417 tonnas jeb 1389 kubikmetri lapu.<\/p>\n<p>Pa\u0161vald\u012bba atg\u0101dina, ka p\u0113c projekt\u0101 noteiktajiem datumiem lapu sav\u0101k\u0161anas punktos lapas nav atst\u0101jamas. R\u012bgas pa\u0161vald\u012bbas policija patrul\u0113s iel\u0101s, lai nov\u0113rstu vai ierobe\u017eotu nesankcion\u0113tu atkritumu &#8211; lapu izme\u0161anu.<\/p>\n","protected":false},"excerpt":{"rendered":"\u0160oruden \u010detr\u0101s ned\u0113\u013c\u0101s r\u012bdzinieki nodevu\u0161i 4163 tonnas rudens lapu, inform\u0113ja pils\u0113tas pa\u0161vald\u012bb\u0101. Novembra ned\u0113\u013cas nogal\u0113s, k\u0101 ar\u012b da\u017eos&hellip;\n","protected":false},"author":2,"featured_media":63476,"comment_status":"","ping_status":"","sticky":false,"template":"","format":"standard","meta":{"footnotes":""},"categories":[5],"tags":[129,11998,4277,23,28,29,32,33,22,30,31,35,39,38,36,37,34,40,20,26,27,4278,11999,4279,12000,24,25,21],"class_list":{"0":"post-63475","1":"post","2":"type-post","3":"status-publish","4":"format-standard","5":"has-post-thumbnail","7":"category-aktualitates","8":"tag-__typenameadvicekeyword","9":"tag-id617","10":"tag-id876","11":"tag-aktualitates","12":"tag-breaking-news","13":"tag-breakingnews","14":"tag-featured-news","15":"tag-featurednews","16":"tag-headlines","17":"tag-latest-news","18":"tag-latestnews","19":"tag-latvia","20":"tag-latvian","21":"tag-latviesu","22":"tag-latviesu-valoda","23":"tag-latviesuvaloda","24":"tag-latvija","25":"tag-lv","26":"tag-news","27":"tag-popularakas-zinas","28":"tag-popularakaszinas","29":"tag-slugriga","30":"tag-slugrudens-lapas","31":"tag-titleriga","32":"tag-titlerudens-lapas","33":"tag-top-stories","34":"tag-topstories","35":"tag-zinas"},"share_on_mastodon":{"url":"https:\/\/pubeurope.com\/@lv\/115648624266825309","error":""},"_links":{"self":[{"href":"https:\/\/www.europesays.com\/lv\/wp-json\/wp\/v2\/posts\/63475","targetHints":{"allow":["GET"]}}],"collection":[{"href":"https:\/\/www.europesays.com\/lv\/wp-json\/wp\/v2\/posts"}],"about":[{"href":"https:\/\/www.europesays.com\/lv\/wp-json\/wp\/v2\/types\/post"}],"author":[{"embeddable":true,"href":"https:\/\/www.europesays.com\/lv\/wp-json\/wp\/v2\/users\/2"}],"replies":[{"embeddable":true,"href":"https:\/\/www.europesays.com\/lv\/wp-json\/wp\/v2\/comments?post=63475"}],"version-history":[{"count":0,"href":"https:\/\/www.europesays.com\/lv\/wp-json\/wp\/v2\/posts\/63475\/revisions"}],"wp:featuredmedia":[{"embeddable":true,"href":"https:\/\/www.europesays.com\/lv\/wp-json\/wp\/v2\/media\/63476"}],"wp:attachment":[{"href":"https:\/\/www.europesays.com\/lv\/wp-json\/wp\/v2\/media?parent=63475"}],"wp:term":[{"taxonomy":"category","embeddable":true,"href":"https:\/\/www.europesays.com\/lv\/wp-json\/wp\/v2\/categories?post=63475"},{"taxonomy":"post_tag","embeddable":true,"href":"https:\/\/www.europesays.com\/lv\/wp-json\/wp\/v2\/tags?post=63475"}],"curies":[{"name":"wp","href":"https:\/\/api.w.org\/{rel}","templated":true}]}}