{"id":63509,"date":"2025-12-02T07:22:11","date_gmt":"2025-12-02T07:22:11","guid":{"rendered":"https:\/\/www.europesays.com\/lv\/63509\/"},"modified":"2025-12-02T07:22:11","modified_gmt":"2025-12-02T07:22:11","slug":"neierasti-sakt-no-talas-50-vietas-masu-starta-bet-patikami-but-atpakal-top30-ziemas-sports-sportacentrs-com","status":"publish","type":"post","link":"https:\/\/www.europesays.com\/lv\/63509\/","title":{"rendered":"&#8220;Neierasti s\u0101kt no t\u0101l\u0101s 50. vietas masu start\u0101, bet pat\u012bkami b\u016bt atpaka\u013c Top30&#8221; \u2013 Ziemas sports \u2013 Sportacentrs.com"},"content":{"rendered":"<p>Iepriek\u0161 inform\u0113j\u0101m, ka <a href=\"https:\/\/sportacentrs.com\/ziemas_sports\/sleposana\/30112025-eidukai_i_top_25_i_rezultats_pasaules_kau\" target=\"_self\" rel=\"nofollow noopener\">Patr\u012bcija Eiduka \u013coti labi nostart\u0113ja nosl\u0113dzo\u0161aj\u0101 dien\u0101 Pasaules kausa posm\u0101 20km distanc\u0113 ar masu startu<\/a>, p\u0113c 20 m\u0113ne\u0161u p\u0101rtraukuma iek\u013c\u016bstot tr\u012bsdesmitniek\u0101 un ar labu taktiku un fini\u0161\u0113\u0161anu nosl\u0113gum\u0101 izc\u012bnot 25. vietu.<\/p>\n<p>\u201cIr laba saj\u016bta b\u016bt atpaka\u013c Top30.  Neesmu tur bijusi visu pag\u0101ju\u0161o sezonu. Protams, ir pat\u012bkami atkal tur b\u016bt. Neg\u0101ja viegli, jo tom\u0113r 20km ir pietieko\u0161i gara distance un bija ar\u012b smaga trase. Dom\u0101ju, ka man viss izdev\u0101s,\u201d secina Eiduka.<\/p>\n<p>\u201cJ\u0101teic, ka sen nebiju start\u0113jusi no 50.vietas. Tas bija j\u0101akcept\u0113 un j\u0101saprot, ka neb\u016bs tik vienk\u0101r\u0161i vair\u0101kas apdz\u012bt un tikt uz priek\u0161u. Dom\u0101ju, ka viss ir san\u0101cis, k\u0101 pati grib\u0113ju. T\u0101p\u0113c viennoz\u012bm\u012bgi ar plus z\u012bmi v\u0113rt\u0113ju \u0161o startu. Turpinu sekot treni\u0146pl\u0101nam un dom\u0101ju, ka forma tikai uzlabosies. Sezona tikai s\u0101kas, un ceru, ka izdosies ieskrieties,\u201d cer\u012bbu pau\u017e Pasaules kaus\u0101 tr\u012bsdesmitniek\u0101 atgriezusies Latvijas sl\u0113pot\u0101ja.<\/p>\n","protected":false},"excerpt":{"rendered":"Iepriek\u0161 inform\u0113j\u0101m, ka Patr\u012bcija Eiduka \u013coti labi nostart\u0113ja nosl\u0113dzo\u0161aj\u0101 dien\u0101 Pasaules kausa posm\u0101 20km distanc\u0113 ar masu startu,&hellip;\n","protected":false},"author":2,"featured_media":63510,"comment_status":"","ping_status":"","sticky":false,"template":"","format":"standard","meta":{"footnotes":""},"categories":[17],"tags":[35,39,38,36,37,34,40,67,620],"class_list":{"0":"post-63509","1":"post","2":"type-post","3":"status-publish","4":"format-standard","5":"has-post-thumbnail","7":"category-sports","8":"tag-latvia","9":"tag-latvian","10":"tag-latviesu","11":"tag-latviesu-valoda","12":"tag-latviesuvaloda","13":"tag-latvija","14":"tag-lv","15":"tag-sports","16":"tag-ziemas-sports"},"share_on_mastodon":{"url":"https:\/\/pubeurope.com\/@lv\/115648773709981918","error":""},"_links":{"self":[{"href":"https:\/\/www.europesays.com\/lv\/wp-json\/wp\/v2\/posts\/63509","targetHints":{"allow":["GET"]}}],"collection":[{"href":"https:\/\/www.europesays.com\/lv\/wp-json\/wp\/v2\/posts"}],"about":[{"href":"https:\/\/www.europesays.com\/lv\/wp-json\/wp\/v2\/types\/post"}],"author":[{"embeddable":true,"href":"https:\/\/www.europesays.com\/lv\/wp-json\/wp\/v2\/users\/2"}],"replies":[{"embeddable":true,"href":"https:\/\/www.europesays.com\/lv\/wp-json\/wp\/v2\/comments?post=63509"}],"version-history":[{"count":0,"href":"https:\/\/www.europesays.com\/lv\/wp-json\/wp\/v2\/posts\/63509\/revisions"}],"wp:featuredmedia":[{"embeddable":true,"href":"https:\/\/www.europesays.com\/lv\/wp-json\/wp\/v2\/media\/63510"}],"wp:attachment":[{"href":"https:\/\/www.europesays.com\/lv\/wp-json\/wp\/v2\/media?parent=63509"}],"wp:term":[{"taxonomy":"category","embeddable":true,"href":"https:\/\/www.europesays.com\/lv\/wp-json\/wp\/v2\/categories?post=63509"},{"taxonomy":"post_tag","embeddable":true,"href":"https:\/\/www.europesays.com\/lv\/wp-json\/wp\/v2\/tags?post=63509"}],"curies":[{"name":"wp","href":"https:\/\/api.w.org\/{rel}","templated":true}]}}