{"id":63513,"date":"2025-12-02T07:26:08","date_gmt":"2025-12-02T07:26:08","guid":{"rendered":"https:\/\/www.europesays.com\/lv\/63513\/"},"modified":"2025-12-02T07:26:08","modified_gmt":"2025-12-02T07:26:08","slug":"vai-esi-redzejis-valsts-policija-mekle-denisu-mironcenko-kurs-tvaika-iela-izraisijis-avariju-un-aizbedzis","status":"publish","type":"post","link":"https:\/\/www.europesays.com\/lv\/63513\/","title":{"rendered":"Vai esi redz\u0113jis? Valsts policija mekl\u0113 Denisu Miron\u010denko, kur\u0161 Tvaika iel\u0101 izrais\u012bjis av\u0101riju un aizb\u0113dzis"},"content":{"rendered":"<p>Policijas r\u012bc\u012bb\u0101 eso\u0161\u0101 inform\u0101cija liecina, ka negad\u012bjum\u0101 neviena cita persona nav cietusi.<\/p>\n<p>Pirms tam v\u012brietis, iesp\u0113jams, izdar\u012bjis mantiska rakstura noziedz\u012bgu nodar\u012bjumu.<\/p>\n<p>V\u012brietim galv\u0101 bija balta cepure un vien\u0101 k\u0101j\u0101 nebija apava.<\/p>\n<p><a href=\"https:\/\/www.apollo.lv\/term\/555407\/valsts-policija\" class=\"topicLink\" target=\"_blank\" rel=\"nofollow noopener\">Valsts policija<\/a> aicina apl\u016bkot Denisa Miron\u010denko fotogr\u0101fiju un atsaukties ikvienu, kur\u0161, iesp\u0113jams, zina vi\u0146a atra\u0161an\u0101s vietu, vai kuram ir cita vi\u0146a mekl\u0113\u0161an\u0101 noder\u012bga inform\u0101cija, zvanot pa t\u0101lru\u0146a numuru 112!<\/p>\n<p>Valsts policija atg\u0101dina, ka neviena persona netiek uzskat\u012bta par vain\u012bgu, kam\u0113r t\u0101s vaina noziedz\u012bga nodar\u012bjuma izdar\u012b\u0161an\u0101 netiek pier\u0101d\u012bta likum\u0101 noteiktaj\u0101 k\u0101rt\u012bb\u0101.<\/p>\n","protected":false},"excerpt":{"rendered":"Policijas r\u012bc\u012bb\u0101 eso\u0161\u0101 inform\u0101cija liecina, ka negad\u012bjum\u0101 neviena cita persona nav cietusi. Pirms tam v\u012brietis, iesp\u0113jams, izdar\u012bjis mantiska&hellip;\n","protected":false},"author":2,"featured_media":63514,"comment_status":"","ping_status":"","sticky":false,"template":"","format":"standard","meta":{"footnotes":""},"categories":[5],"tags":[23,5216,5218,28,29,119,32,33,22,30,31,35,39,38,36,37,34,40,20,26,27,24,25,138,21],"class_list":{"0":"post-63513","1":"post","2":"type-post","3":"status-publish","4":"format-standard","5":"has-post-thumbnail","7":"category-aktualitates","8":"tag-aktualitates","9":"tag-bezvests","10":"tag-bezvests-pazudusais","11":"tag-breaking-news","12":"tag-breakingnews","13":"tag-celu-satiksmes-negadijumi","14":"tag-featured-news","15":"tag-featurednews","16":"tag-headlines","17":"tag-latest-news","18":"tag-latestnews","19":"tag-latvia","20":"tag-latvian","21":"tag-latviesu","22":"tag-latviesu-valoda","23":"tag-latviesuvaloda","24":"tag-latvija","25":"tag-lv","26":"tag-news","27":"tag-popularakas-zinas","28":"tag-popularakaszinas","29":"tag-top-stories","30":"tag-topstories","31":"tag-valsts-policija","32":"tag-zinas"},"share_on_mastodon":{"url":"https:\/\/pubeurope.com\/@lv\/115648789498816741","error":""},"_links":{"self":[{"href":"https:\/\/www.europesays.com\/lv\/wp-json\/wp\/v2\/posts\/63513","targetHints":{"allow":["GET"]}}],"collection":[{"href":"https:\/\/www.europesays.com\/lv\/wp-json\/wp\/v2\/posts"}],"about":[{"href":"https:\/\/www.europesays.com\/lv\/wp-json\/wp\/v2\/types\/post"}],"author":[{"embeddable":true,"href":"https:\/\/www.europesays.com\/lv\/wp-json\/wp\/v2\/users\/2"}],"replies":[{"embeddable":true,"href":"https:\/\/www.europesays.com\/lv\/wp-json\/wp\/v2\/comments?post=63513"}],"version-history":[{"count":0,"href":"https:\/\/www.europesays.com\/lv\/wp-json\/wp\/v2\/posts\/63513\/revisions"}],"wp:featuredmedia":[{"embeddable":true,"href":"https:\/\/www.europesays.com\/lv\/wp-json\/wp\/v2\/media\/63514"}],"wp:attachment":[{"href":"https:\/\/www.europesays.com\/lv\/wp-json\/wp\/v2\/media?parent=63513"}],"wp:term":[{"taxonomy":"category","embeddable":true,"href":"https:\/\/www.europesays.com\/lv\/wp-json\/wp\/v2\/categories?post=63513"},{"taxonomy":"post_tag","embeddable":true,"href":"https:\/\/www.europesays.com\/lv\/wp-json\/wp\/v2\/tags?post=63513"}],"curies":[{"name":"wp","href":"https:\/\/api.w.org\/{rel}","templated":true}]}}