{"id":63523,"date":"2025-12-02T07:40:22","date_gmt":"2025-12-02T07:40:22","guid":{"rendered":"https:\/\/www.europesays.com\/lv\/63523\/"},"modified":"2025-12-02T07:40:22","modified_gmt":"2025-12-02T07:40:22","slug":"pieprasa-dialogu-un-finansejuma-pamatojumu-izglitibai-lente-lv","status":"publish","type":"post","link":"https:\/\/www.europesays.com\/lv\/63523\/","title":{"rendered":"pieprasa dialogu un finans\u0113juma pamatojumu izgl\u012bt\u012bbai\u00a0\u2014\u00a0Lente.lv"},"content":{"rendered":"<p>Arodbiedr\u012bba Pau\u017e Ba\u017eas par Bud\u017eeta Veido\u0161anas K\u0101rt\u012bbu Izgl\u012bt\u012bbas Nozar\u0113<\/p>\n<p>Latvijas Izgl\u012bt\u012bbas un zin\u0101tnes darbinieku arodbiedr\u012bba (LIZDA) stingri iebilst pret Ministru kabineta (MK) izv\u0113l\u0113to pieeju valsts bud\u017eeta likumprojekta izstr\u0101dei attiec\u012bb\u0101 uz 2026., 2027. un 2028. gadu. Arodbiedr\u012bba uzsver, ka sadarb\u012bbas modelis bijis nepietiekams un nav nodro\u0161in\u0101jis nepiecie\u0161amo pamatojumu, \u012bpa\u0161i attiec\u012bb\u0101 uz finans\u0113jumu pedagogu darba samaksas jaunajam modelim &#8220;Programma skol\u0101&#8221;.<\/p>\n<p>Nacion\u0101l\u0101s Tr\u012bspus\u0113j\u0101s Sadarb\u012bbas Padomes S\u0113de un Izteiktie Iebildumi<\/p>\n<p>19. septembr\u012b notika Nacion\u0101l\u0101s tr\u012bspus\u0113j\u0101s sadarb\u012bbas padomes (NTSP) s\u0113de, kur\u0101 tika apspriests n\u0101kam\u0101 gada bud\u017eeta projekts un t\u0101 ietvars turpm\u0101kajiem trim gadiem. LIZDA nor\u0101da, ka NTSP s\u0113des materi\u0101li tika sa\u0146emti nov\u0113loti, radot \u0161\u0137\u0113r\u0161\u013cus pilnv\u0113rt\u012bgai diskusijai un iebildumu izteik\u0161anai. \u0160is kav\u0113jums ir sal\u012bdzin\u0101ms ar ce\u013cu uz m\u0113r\u0137i, kur\u0101 karte tiek sa\u0146emta tikai p\u0113c pirm\u0101 pagrieziena sasnieg\u0161anas, radot vil\u0161anos un nezi\u0146u par turpm\u0101ko.<\/p>\n<p>S\u0113des laik\u0101 LIZDA \u012bpa\u0161i uzsv\u0113ra ba\u017eas par finans\u0113juma tr\u016bkumu pedagogu darba samaksas jaunajam modelim &#8220;Programma skol\u0101&#8221;. Arodbiedr\u012bba uzskata, ka finans\u0113juma apm\u0113rs nav pietiekami pamatots un aicin\u0101ja l\u012bdz 2025. gada 8. oktobrim iesniegt detaliz\u0113tus apr\u0113\u0137inus, k\u0101 ar\u012b izv\u0113rt\u0113t nozaru organiz\u0101ciju iesniegtos iebildumus un priek\u0161likumus.<\/p>\n<p>LIZDA Piepras\u012bjums un Pras\u012bbas Bud\u017eeta Projektam<\/p>\n<p>Lai risin\u0101tu radu\u0161os situ\u0101ciju, LIZDA pieprasa papildin\u0101t MK s\u0113des protokoll\u0113muma projektu. Konkr\u0113ti, arodbiedr\u012bba v\u0113las iek\u013caut punktu, kas noteiktu, ka Izgl\u012bt\u012bbas un zin\u0101tnes ministrijai, cie\u0161\u0101 sadarb\u012bb\u0101 ar nozaru soci\u0101lajiem un sadarb\u012bbas partneriem, l\u012bdz 2025. gada 29. septembrim j\u0101iesniedz MK pamatoti apr\u0113\u0137ini par pedagogu darba samaksas finans\u0113\u0161anas mode\u013ca &#8220;Programma skol\u0101&#8221; pilnv\u0113rt\u012bgu ievie\u0161anu. \u0160iem apr\u0113\u0137iniem j\u0101ietver nozares organiz\u0101ciju iesniegto iebildumu un priek\u0161likumu izv\u0113rt\u0113jums. Vienlaikus tiek pras\u012bts Finan\u0161u ministrijai paredz\u0113t atbilsto\u0161u finans\u0113jumu min\u0113tajam modelim n\u0101kam\u0101 gada bud\u017eet\u0101 un turpm\u0101kajos gados.<\/p>\n<p>Priorit\u0101tes un Konstrukt\u012bvas Sadarb\u012bbas Noz\u012bme<\/p>\n<p>LIZDA atzin\u012bgi nov\u0113rt\u0113 to, ka izgl\u012bt\u012bba ir iek\u013cauta vald\u012bbas noteikto priorit\u0101\u0161u sarakst\u0101, atz\u012bstot, ka kvalitat\u012bvas izgl\u012bt\u012bbas un nodarbin\u0101t\u012bbas stabilit\u0101tes nodro\u0161in\u0101\u0161anai ir nepiecie\u0161amas p\u0101rdom\u0101tas un atbilsto\u0161i finans\u0113tas reformas. Tom\u0113r arodbiedr\u012bba uzsver, ka \u0161\u012bs reformas ir j\u0101\u012bsteno konstrukt\u012bv\u0101 un cie\u0146piln\u0101 sadarb\u012bb\u0101, kas \u0161obr\u012bd, vi\u0146upr\u0101t, nav nodro\u0161in\u0101ta pietiekam\u0101 m\u0113r\u0101. Kvalitat\u012bvai izgl\u012bt\u012bbai un darba tirgus stabilit\u0101tei nepiecie\u0161ama cie\u0161a un god\u012bga sadarb\u012bba starp vis\u0101m iesaist\u012btaj\u0101m pus\u0113m.<\/p>\n","protected":false},"excerpt":{"rendered":"Arodbiedr\u012bba Pau\u017e Ba\u017eas par Bud\u017eeta Veido\u0161anas K\u0101rt\u012bbu Izgl\u012bt\u012bbas Nozar\u0113 Latvijas Izgl\u012bt\u012bbas un zin\u0101tnes darbinieku arodbiedr\u012bba (LIZDA) stingri iebilst&hellip;\n","protected":false},"author":2,"featured_media":63524,"comment_status":"","ping_status":"","sticky":false,"template":"","format":"standard","meta":{"footnotes":""},"categories":[5],"tags":[23,28,29,259,32,33,22,15026,30,31,35,39,38,36,37,34,16673,40,20,16674,26,27,11091,24,25,21],"class_list":{"0":"post-63523","1":"post","2":"type-post","3":"status-publish","4":"format-standard","5":"has-post-thumbnail","7":"category-aktualitates","8":"tag-aktualitates","9":"tag-breaking-news","10":"tag-breakingnews","11":"tag-budzets","12":"tag-featured-news","13":"tag-featurednews","14":"tag-headlines","15":"tag-izglitibas-finansesana","16":"tag-latest-news","17":"tag-latestnews","18":"tag-latvia","19":"tag-latvian","20":"tag-latviesu","21":"tag-latviesu-valoda","22":"tag-latviesuvaloda","23":"tag-latvija","24":"tag-lizda","25":"tag-lv","26":"tag-news","27":"tag-pedagogu-darba-samaksa","28":"tag-popularakas-zinas","29":"tag-popularakaszinas","30":"tag-programma-skola","31":"tag-top-stories","32":"tag-topstories","33":"tag-zinas"},"share_on_mastodon":{"url":"https:\/\/pubeurope.com\/@lv\/115648844449809018","error":""},"_links":{"self":[{"href":"https:\/\/www.europesays.com\/lv\/wp-json\/wp\/v2\/posts\/63523","targetHints":{"allow":["GET"]}}],"collection":[{"href":"https:\/\/www.europesays.com\/lv\/wp-json\/wp\/v2\/posts"}],"about":[{"href":"https:\/\/www.europesays.com\/lv\/wp-json\/wp\/v2\/types\/post"}],"author":[{"embeddable":true,"href":"https:\/\/www.europesays.com\/lv\/wp-json\/wp\/v2\/users\/2"}],"replies":[{"embeddable":true,"href":"https:\/\/www.europesays.com\/lv\/wp-json\/wp\/v2\/comments?post=63523"}],"version-history":[{"count":0,"href":"https:\/\/www.europesays.com\/lv\/wp-json\/wp\/v2\/posts\/63523\/revisions"}],"wp:featuredmedia":[{"embeddable":true,"href":"https:\/\/www.europesays.com\/lv\/wp-json\/wp\/v2\/media\/63524"}],"wp:attachment":[{"href":"https:\/\/www.europesays.com\/lv\/wp-json\/wp\/v2\/media?parent=63523"}],"wp:term":[{"taxonomy":"category","embeddable":true,"href":"https:\/\/www.europesays.com\/lv\/wp-json\/wp\/v2\/categories?post=63523"},{"taxonomy":"post_tag","embeddable":true,"href":"https:\/\/www.europesays.com\/lv\/wp-json\/wp\/v2\/tags?post=63523"}],"curies":[{"name":"wp","href":"https:\/\/api.w.org\/{rel}","templated":true}]}}