{"id":63525,"date":"2025-12-02T07:42:07","date_gmt":"2025-12-02T07:42:07","guid":{"rendered":"https:\/\/www.europesays.com\/lv\/63525\/"},"modified":"2025-12-02T07:42:07","modified_gmt":"2025-12-02T07:42:07","slug":"alonso-un-kapteinis-lomazs-dalas-pardomas-pec-pirmas-uzvaras-jaunaja-era","status":"publish","type":"post","link":"https:\/\/www.europesays.com\/lv\/63525\/","title":{"rendered":"Alonso un kapteinis Loma\u017es dal\u0101s p\u0101rdom\u0101s p\u0113c pirm\u0101s uzvaras jaunaj\u0101 \u0113r\u0101"},"content":{"rendered":"<p>Tikm\u0113r Latvijas izlases jaunais kapteinis Rihards Loma\u017es, kur\u0161 \u0161aj\u0101 amplu\u0101 nomain\u012bja valstsvien\u012bb\u0101 karjeru nosl\u0113gu\u0161o Dairi Bert\u0101nu, p\u0113c sp\u0113les sac\u012bja, ka p\u0101rliec\u012bba par saviem sp\u0113kiem bija visu laiku.<\/p>\n<blockquote class=\"quote ck-widget\" contenteditable=\"false\">\n<p>&#8220;S\u0101kum\u0101 netr\u0101p\u012bj\u0101m da\u017eus metienus, bet 20 min\u016bt\u0113s nevar ne uzvar\u0113t, ne zaud\u0113t, t\u0101p\u0113c bija svar\u012bgi agresivit\u0101ti notur\u0113t visas 40 min\u016btes,&#8221; par ma\u010du izteic\u0101s Loma\u017es. &#8220;Bija da\u017ei k\u0101pumi un kritumi, tom\u0113r spiedienu uztur\u0113j\u0101m un otraj\u0101 puslaik\u0101 izdev\u0101s iz\u0161\u0137iro\u0161ais izr\u0101viens. \u0160\u012b uzvara ir Tev, Dairi!&#8221;<\/p>\n<\/blockquote>\n<p>Loma\u017es ar 24 punktiem bija rezultat\u012bv\u0101kais Latvijas izlases rind\u0101s, 17 punktus, piecas atl\u0113ku\u0161\u0101s bumbas un piecas personisk\u0101s piez\u012bmes sakr\u0101ja K\u0101rlis \u0160ili\u0146\u0161, desmit punktus guva M\u0101rcis \u0160teinbergs, bet Adrians And\u017eevs, kuru p\u0113c ma\u010da paslav\u0113ja ar\u012b Alonso, debij\u0101 pieaugu\u0161o izlas\u0113 guva se\u0161us punktus.<\/p>\n<p>M\u0101jinieku rind\u0101s ar 27 punktiem un asto\u0146\u0101m atl\u0113ku\u0161aj\u0101m bumb\u0101m izc\u0113l\u0101s Bogi\u010ds Vujo\u0161evi\u010ds, bet 17 punktus un se\u0161as atl\u0113ku\u0161\u0101s bumbas sakr\u0101ja M\u0101rvins Ogunsipe.<\/p>\n<p>Jau v\u0113st\u012bts, ka otraj\u0101 grupas sp\u0113l\u0113 N\u012bderlande pirmdien H\u0101g\u0101 ar 83:85 (28:22, 25:15, 17:21, 13:27) zaud\u0113ja Polijai.<\/p>\n<p>P\u0113c div\u0101m k\u0101rt\u0101m divas uzvaras ir Polijai, pa vienai uzvarai &#8211; N\u012bderlandei un Latvijai, bet divi zaud\u0113jumi &#8211; Austrijai.<\/p>\n<p>F grupas tr\u012bs lab\u0101k\u0101s komandas, \u0146emot l\u012bdzi visu sp\u0113\u013cu rezult\u0101tus, otraj\u0101 posm\u0101 apvienosies ar E grupas (V\u0101cija, Horv\u0101tija, Izra\u0113la, Kipra) lab\u0101ko trijnieku. Tr\u012bs lab\u0101k\u0101s komandas ieg\u016bs ties\u012bbas sp\u0113l\u0113t Pasaules kausa fin\u0101lturn\u012br\u0101 Katar\u0101.<\/p>\n","protected":false},"excerpt":{"rendered":"Tikm\u0113r Latvijas izlases jaunais kapteinis Rihards Loma\u017es, kur\u0161 \u0161aj\u0101 amplu\u0101 nomain\u012bja valstsvien\u012bb\u0101 karjeru nosl\u0113gu\u0161o Dairi Bert\u0101nu, p\u0113c sp\u0113les&hellip;\n","protected":false},"author":2,"featured_media":63526,"comment_status":"","ping_status":"","sticky":false,"template":"","format":"standard","meta":{"footnotes":""},"categories":[17],"tags":[145,144,1098,35,39,38,36,37,34,225,40,11729,67],"class_list":{"0":"post-63525","1":"post","2":"type-post","3":"status-publish","4":"format-standard","5":"has-post-thumbnail","7":"category-sports","8":"tag-basketbols","9":"tag-basketbols-latvija","10":"tag-basketbols-pasaule","11":"tag-latvia","12":"tag-latvian","13":"tag-latviesu","14":"tag-latviesu-valoda","15":"tag-latviesuvaloda","16":"tag-latvija","17":"tag-latvijas-basketbola-izlase","18":"tag-lv","19":"tag-pasaules-kauss-basketbola","20":"tag-sports"},"share_on_mastodon":{"url":"https:\/\/pubeurope.com\/@lv\/115648852293282013","error":""},"_links":{"self":[{"href":"https:\/\/www.europesays.com\/lv\/wp-json\/wp\/v2\/posts\/63525","targetHints":{"allow":["GET"]}}],"collection":[{"href":"https:\/\/www.europesays.com\/lv\/wp-json\/wp\/v2\/posts"}],"about":[{"href":"https:\/\/www.europesays.com\/lv\/wp-json\/wp\/v2\/types\/post"}],"author":[{"embeddable":true,"href":"https:\/\/www.europesays.com\/lv\/wp-json\/wp\/v2\/users\/2"}],"replies":[{"embeddable":true,"href":"https:\/\/www.europesays.com\/lv\/wp-json\/wp\/v2\/comments?post=63525"}],"version-history":[{"count":0,"href":"https:\/\/www.europesays.com\/lv\/wp-json\/wp\/v2\/posts\/63525\/revisions"}],"wp:featuredmedia":[{"embeddable":true,"href":"https:\/\/www.europesays.com\/lv\/wp-json\/wp\/v2\/media\/63526"}],"wp:attachment":[{"href":"https:\/\/www.europesays.com\/lv\/wp-json\/wp\/v2\/media?parent=63525"}],"wp:term":[{"taxonomy":"category","embeddable":true,"href":"https:\/\/www.europesays.com\/lv\/wp-json\/wp\/v2\/categories?post=63525"},{"taxonomy":"post_tag","embeddable":true,"href":"https:\/\/www.europesays.com\/lv\/wp-json\/wp\/v2\/tags?post=63525"}],"curies":[{"name":"wp","href":"https:\/\/api.w.org\/{rel}","templated":true}]}}