{"id":63534,"date":"2025-12-02T07:56:05","date_gmt":"2025-12-02T07:56:05","guid":{"rendered":"https:\/\/www.europesays.com\/lv\/63534\/"},"modified":"2025-12-02T07:56:05","modified_gmt":"2025-12-02T07:56:05","slug":"peru-zemes-nogruvums-nogremde-kugus-gajusi-boja-12-un-pazudusi-desmitiem-cilveku","status":"publish","type":"post","link":"https:\/\/www.europesays.com\/lv\/63534\/","title":{"rendered":"Peru zemes nogruvums nogremd\u0113 ku\u0123us, g\u0101ju\u0161i boj\u0101 12 un pazudu\u0161i desmitiem cilv\u0113ku"},"content":{"rendered":"<p>Ku\u0123i nogrima Iparijas ost\u0101 Ukajali re\u0123ion\u0101 Amazones d\u017eung\u013cos, teikts policijas zi\u0146ojum\u0101, uz kuru atsauc\u0101s zi\u0146u a\u0123ent\u016bra &#8220;Andina&#8221;.<\/p>\n<p>Uz viena ku\u0123a bija aptuveni 50 pasa\u017eieru, bet uz otra nebija neviena, pazi\u0146oja nacion\u0101lais \u0101rk\u0101rt\u0113jo oper\u0101ciju centrs COEN.<\/p>\n<p>Karaflotes kapteinis Honatans Novoa pa telefonu pav\u0113st\u012bja, ka ir izcelti devi\u0146u boj\u0101g\u0101ju\u0161o l\u012b\u0137i, 25 cilv\u0113ki ir ievainoti, bet 40 pazudu\u0161i bez v\u0113sts.<\/p>\n<p>Varas iest\u0101des iztauj\u0101ja katastrofas viet\u0101 sapulc\u0113ju\u0161os tuviniekus, lai noskaidrotu prec\u012bzu pazudu\u0161o cilv\u0113ku skaitu.<\/p>\n<p>COEN platform\u0101 &#8220;X&#8221; pazi\u0146oja, ka tra\u0123\u0113dija notikusi Ukajali upes krasta erozijas d\u0113\u013c.<\/p>\n<p>Novoa sac\u012bja, ka gl\u0101b\u0161anas darbus sare\u017e\u0123\u012b \u0101tra straume un atvari \u0161aj\u0101 up\u0113, k\u0101 ar\u012b migla katastrofas laik\u0101.<\/p>\n","protected":false},"excerpt":{"rendered":"Ku\u0123i nogrima Iparijas ost\u0101 Ukajali re\u0123ion\u0101 Amazones d\u017eung\u013cos, teikts policijas zi\u0146ojum\u0101, uz kuru atsauc\u0101s zi\u0146u a\u0123ent\u016bra &#8220;Andina&#8221;. Uz&hellip;\n","protected":false},"author":2,"featured_media":63535,"comment_status":"","ping_status":"","sticky":false,"template":"","format":"standard","meta":{"footnotes":""},"categories":[14],"tags":[23,57,28,29,32,33,22,5777,1935,30,31,35,39,38,36,37,34,40,20,8578,26,27,24,25,54,55,56,16676,21,58],"class_list":{"0":"post-63534","1":"post","2":"type-post","3":"status-publish","4":"format-standard","5":"has-post-thumbnail","7":"category-zinas-no-arvalstim","8":"tag-aktualitates","9":"tag-arvalstim","10":"tag-breaking-news","11":"tag-breakingnews","12":"tag-featured-news","13":"tag-featurednews","14":"tag-headlines","15":"tag-katastrofa","16":"tag-kugis","17":"tag-latest-news","18":"tag-latestnews","19":"tag-latvia","20":"tag-latvian","21":"tag-latviesu","22":"tag-latviesu-valoda","23":"tag-latviesuvaloda","24":"tag-latvija","25":"tag-lv","26":"tag-news","27":"tag-peru","28":"tag-popularakas-zinas","29":"tag-popularakaszinas","30":"tag-top-stories","31":"tag-topstories","32":"tag-world","33":"tag-world-news","34":"tag-worldnews","35":"tag-zemes-nogruvums","36":"tag-zinas","37":"tag-zinas-no-arvalstim"},"share_on_mastodon":{"url":"https:\/\/pubeurope.com\/@lv\/115648907490918587","error":""},"_links":{"self":[{"href":"https:\/\/www.europesays.com\/lv\/wp-json\/wp\/v2\/posts\/63534","targetHints":{"allow":["GET"]}}],"collection":[{"href":"https:\/\/www.europesays.com\/lv\/wp-json\/wp\/v2\/posts"}],"about":[{"href":"https:\/\/www.europesays.com\/lv\/wp-json\/wp\/v2\/types\/post"}],"author":[{"embeddable":true,"href":"https:\/\/www.europesays.com\/lv\/wp-json\/wp\/v2\/users\/2"}],"replies":[{"embeddable":true,"href":"https:\/\/www.europesays.com\/lv\/wp-json\/wp\/v2\/comments?post=63534"}],"version-history":[{"count":0,"href":"https:\/\/www.europesays.com\/lv\/wp-json\/wp\/v2\/posts\/63534\/revisions"}],"wp:featuredmedia":[{"embeddable":true,"href":"https:\/\/www.europesays.com\/lv\/wp-json\/wp\/v2\/media\/63535"}],"wp:attachment":[{"href":"https:\/\/www.europesays.com\/lv\/wp-json\/wp\/v2\/media?parent=63534"}],"wp:term":[{"taxonomy":"category","embeddable":true,"href":"https:\/\/www.europesays.com\/lv\/wp-json\/wp\/v2\/categories?post=63534"},{"taxonomy":"post_tag","embeddable":true,"href":"https:\/\/www.europesays.com\/lv\/wp-json\/wp\/v2\/tags?post=63534"}],"curies":[{"name":"wp","href":"https:\/\/api.w.org\/{rel}","templated":true}]}}