{"id":63540,"date":"2025-12-02T08:03:08","date_gmt":"2025-12-02T08:03:08","guid":{"rendered":"https:\/\/www.europesays.com\/lv\/63540\/"},"modified":"2025-12-02T08:03:08","modified_gmt":"2025-12-02T08:03:08","slug":"parsteiguma-moments-ir-teju-vieniga-krievijas-prieksrociba-pret-nato","status":"publish","type":"post","link":"https:\/\/www.europesays.com\/lv\/63540\/","title":{"rendered":"P\u0101rsteiguma moments ir teju vien\u012bg\u0101 Krievijas priek\u0161roc\u012bba pret NATO"},"content":{"rendered":"<p>Koment\u0113jot p\u0113d\u0113j\u0101 laika diskusiju par slie\u017eu ce\u013cu austrumu pierobe\u017e\u0101 iesp\u0113jamu demont\u0101\u017eu v\u0113l miera apst\u0101k\u013cos, Pud\u0101ns atz\u012bm\u0113ja, ka slie\u017eu jaut\u0101jums ir tikai da\u013ca no pretmobilit\u0101tes pas\u0101kumiem un Latvijas robe\u017eas stiprin\u0101\u0161anas.<\/p>\n<p>NBS komandieris skaidroja, ka p\u0101rsteiguma moments ir faktiski vien\u012bg\u0101 priek\u0161roc\u012bba, kas Krievijai palikusi, ja t\u0101 iz\u0161\u0137irtos uzbrukt <a href=\"https:\/\/www.tvnet.lv\/term\/9898\/nato\" class=\"topicLink\" target=\"_blank\" rel=\"nofollow noopener\">NATO<\/a>. Attiec\u012bgi Latvija str\u0101d\u0101jot divos virzienos &#8211; r\u016bp\u012bgi gatavojas, lai p\u0101rsteigums nenotiktu, un &#8220;p\u0113rk apdro\u0161in\u0101\u0161anu&#8221;. Piem\u0113ram, gatavo\u0161an\u0101s ietver izl\u016bko\u0161anas aktivit\u0101tes, bet &#8220;apdro\u0161in\u0101\u0161ana&#8221; \u0161aj\u0101 gad\u012bjum\u0101 ir \u0161\u0137\u0113r\u0161\u013cu izveide tur, kur tie netrauc\u0113 soci\u0101los vai tautsaimniec\u012bbas aspektus.<\/p>\n<p>Run\u0101jot tie\u0161i par dzelzce\u013cu, Pud\u0101ns atz\u012bm\u0113ja, ka ir sagatavoti detaliz\u0113ti pl\u0101ni, k\u0101 zin\u0101mos apst\u0101k\u013cos liegt mobilit\u0101ti pa dzelzce\u013cu, bet v\u0113l var\u0113tu rosin\u0101t citas darb\u012bbas, lai vair\u0101k mazin\u0101tu pretinieka p\u0101rsteiguma iesp\u0113jas.<\/p>\n<p>Uz jaut\u0101jumu, vai vi\u0146\u0161 atbalsta slie\u017eu demont\u0101\u017eu v\u0113l miera apst\u0101k\u013cos, Pud\u0101ns tie\u0161u atbildi nesniedza, sakot, ka j\u0101turpina izv\u0113rt\u0113\u0161ana gan no milit\u0101ro speci\u0101listu, gan citu nozaru p\u0101rst\u0101vju puses.<\/p>\n<p>Pud\u0101ns past\u0101st\u012bja, ka tuv\u0101kaj\u0101s dien\u0101s tik\u0161ot sa\u0146emti jauni sensori un radari, lai lab\u0101k kontrol\u0113tu austrumu robe\u017eas dro\u0161\u012bbu.<\/p>\n<p>NBS komandieris uzsv\u0113ra, ka piln\u012bb\u0101 agresora p\u0101rsteiguma momentam ne vienm\u0113r var sagatavoties, t\u0101p\u0113c, piem\u0113ram, pirm\u0101 liel\u0101ka dronu uzbrukuma gad\u012bjum\u0101 varb\u016bt netiktu notriekti visi uzbruc\u0113ja droni, savuk\u0101rt t\u0101l\u0101k j\u0101r\u0113\u0137in\u0101s, ka NATO pretdarb\u012bba neb\u016btu tikai pret droniem gais\u0101, bet triecieni tiktu v\u0113rsti ar\u012b pa m\u0113r\u0137iem sauszem\u0113, dronu palai\u0161anas viet\u0101m, vad\u012bbas centriem u.tml.<\/p>\n<p>Savuk\u0101rt no Baltkrievijas vair\u0101k Lietuvas un maz\u0101k Latvijas virzien\u0101 palaist\u0101s meteozondes Pud\u0101ns v\u0113rt\u0113ja k\u0101 uzman\u012bbas nov\u0113r\u0161anu, jo k\u0101 milit\u0101ra uzbrukuma l\u012bdzek\u013cus t\u0101s izmantot nevar, jo t\u0101s nav vad\u0101mas.<\/p>\n","protected":false},"excerpt":{"rendered":"Koment\u0113jot p\u0113d\u0113j\u0101 laika diskusiju par slie\u017eu ce\u013cu austrumu pierobe\u017e\u0101 iesp\u0113jamu demont\u0101\u017eu v\u0113l miera apst\u0101k\u013cos, Pud\u0101ns atz\u012bm\u0113ja, ka slie\u017eu&hellip;\n","protected":false},"author":2,"featured_media":63541,"comment_status":"","ping_status":"","sticky":false,"template":"","format":"standard","meta":{"footnotes":""},"categories":[12],"tags":[23,28,29,32,33,22,2827,234,30,31,35,39,38,36,37,34,40,71,20,26,27,24,25,21],"class_list":{"0":"post-63540","1":"post","2":"type-post","3":"status-publish","4":"format-standard","5":"has-post-thumbnail","7":"category-latvija","8":"tag-aktualitates","9":"tag-breaking-news","10":"tag-breakingnews","11":"tag-featured-news","12":"tag-featurednews","13":"tag-headlines","14":"tag-kaspars-pudans","15":"tag-krievija","16":"tag-latest-news","17":"tag-latestnews","18":"tag-latvia","19":"tag-latvian","20":"tag-latviesu","21":"tag-latviesu-valoda","22":"tag-latviesuvaloda","23":"tag-latvija","24":"tag-lv","25":"tag-nato","26":"tag-news","27":"tag-popularakas-zinas","28":"tag-popularakaszinas","29":"tag-top-stories","30":"tag-topstories","31":"tag-zinas"},"share_on_mastodon":{"url":"https:\/\/pubeurope.com\/@lv\/115648934966970281","error":""},"_links":{"self":[{"href":"https:\/\/www.europesays.com\/lv\/wp-json\/wp\/v2\/posts\/63540","targetHints":{"allow":["GET"]}}],"collection":[{"href":"https:\/\/www.europesays.com\/lv\/wp-json\/wp\/v2\/posts"}],"about":[{"href":"https:\/\/www.europesays.com\/lv\/wp-json\/wp\/v2\/types\/post"}],"author":[{"embeddable":true,"href":"https:\/\/www.europesays.com\/lv\/wp-json\/wp\/v2\/users\/2"}],"replies":[{"embeddable":true,"href":"https:\/\/www.europesays.com\/lv\/wp-json\/wp\/v2\/comments?post=63540"}],"version-history":[{"count":0,"href":"https:\/\/www.europesays.com\/lv\/wp-json\/wp\/v2\/posts\/63540\/revisions"}],"wp:featuredmedia":[{"embeddable":true,"href":"https:\/\/www.europesays.com\/lv\/wp-json\/wp\/v2\/media\/63541"}],"wp:attachment":[{"href":"https:\/\/www.europesays.com\/lv\/wp-json\/wp\/v2\/media?parent=63540"}],"wp:term":[{"taxonomy":"category","embeddable":true,"href":"https:\/\/www.europesays.com\/lv\/wp-json\/wp\/v2\/categories?post=63540"},{"taxonomy":"post_tag","embeddable":true,"href":"https:\/\/www.europesays.com\/lv\/wp-json\/wp\/v2\/tags?post=63540"}],"curies":[{"name":"wp","href":"https:\/\/api.w.org\/{rel}","templated":true}]}}