{"id":63542,"date":"2025-12-02T08:04:10","date_gmt":"2025-12-02T08:04:10","guid":{"rendered":"https:\/\/www.europesays.com\/lv\/63542\/"},"modified":"2025-12-02T08:04:10","modified_gmt":"2025-12-02T08:04:10","slug":"vai-sanemti-ukrainas-tiesiskas-palidzibas-lugumi-korupcijas-skandala-lente-lv","status":"publish","type":"post","link":"https:\/\/www.europesays.com\/lv\/63542\/","title":{"rendered":"vai sa\u0146emti Ukrainas tiesisk\u0101s pal\u012bdz\u012bbas l\u016bgumi korupcijas skand\u0101l\u0101?\u00a0\u2014\u00a0Lente.lv"},"content":{"rendered":"<p>Latvijas prokurat\u016bra klus\u0113 par Ukrainas tiesisk\u0101s pal\u012bdz\u012bbas l\u016bgumiem korupcijas liet\u0101<\/p>\n<p>Latvijas prokurat\u016bra \u0161obr\u012bd atsak\u0101s sniegt jebk\u0101dus koment\u0101rus attiec\u012bb\u0101 uz to, vai Ukrainas ties\u012bbsarg\u0101jo\u0161\u0101s iest\u0101des ir iesniegu\u0161as ofici\u0101lus piepras\u012bjumus par tiesisko pal\u012bdz\u012bbu. \u0160\u012b neskaidr\u012bba radusies saist\u012bb\u0101 ar pla\u0161o korupcijas skand\u0101lu, kas izc\u0113lies uz\u0146\u0113mum\u0101 &#8220;Enerhoatom&#8221;. Tiek ba\u017e\u012bgi gaid\u012bts, k\u0101di so\u013ci tiks sperti \u0161aj\u0101 sare\u017e\u0123\u012btaj\u0101 un j\u016bt\u012bgaj\u0101 jaut\u0101jum\u0101, kas skar starptautisk\u0101s tiesisk\u0101s sadarb\u012bbas un korupcijas apkaro\u0161anas principus.<\/p>\n<p>Starptautisk\u0101s sadarb\u012bbas noz\u012bme korupcijas izmekl\u0113\u0161an\u0101<\/p>\n<p>\u0160\u0101da veida lietas, kas skar starptautisku korupciju, bie\u017ei vien prasa cie\u0161u sadarb\u012bbu starp da\u017e\u0101du valstu ties\u012bbsarg\u0101jo\u0161\u0101m iest\u0101d\u0113m. Tiesisk\u0101s pal\u012bdz\u012bbas l\u016bgumi ir instruments, kas \u013cauj vienai valstij l\u016bgt otru pal\u012bdz\u0113t ar pier\u0101d\u012bjumu ieg\u016b\u0161anu, personu izdo\u0161anu vai citu nepiecie\u0161amu inform\u0101ciju, lai nodro\u0161in\u0101tu taisn\u012bgu izmekl\u0113\u0161anu un tiesas procesu. &#8220;Enerhoatom&#8221; gad\u012bjums, visticam\u0101k, nav iz\u0146\u0113mums, un ir \u013coti iesp\u0113jams, ka Ukrainas puse akt\u012bvi mekl\u0113 atbalstu no saviem starptautiskajiem partneriem, lai atkl\u0101tu visas skand\u0101la deta\u013cas un sauktu pie atbild\u012bbas vain\u012bgos. Prokurat\u016bras klus\u0113\u0161ana \u0161aj\u0101 posm\u0101 var liecin\u0101t par da\u017e\u0101diem apst\u0101k\u013ciem \u2013 s\u0101kot no inform\u0101cijas konfidencialit\u0101tes saglab\u0101\u0161anas izmekl\u0113\u0161anas interes\u0113s, l\u012bdz pat akt\u012bv\u0101m sarun\u0101m un dokumentu sagatavo\u0161anas procesam.<\/p>\n<p>Spekul\u0101cijas un gaid\u0101m\u0101 skaidr\u012bba<\/p>\n<p>Kam\u0113r ofici\u0101lu apstiprin\u0101jumu vai noliegumu nav, gais\u0101 joproj\u0101m virmo da\u017e\u0101das spekul\u0101cijas. Sabiedr\u012bba ar lielu interesi seko l\u012bdzi notikumu att\u012bst\u012bbai, cerot uz caursp\u012bd\u012bgumu un skaidr\u012bbu. Ir svar\u012bgi, lai \u0161\u0101dos gad\u012bjumos inform\u0101cija tiktu sniegta savlaic\u012bgi un prec\u012bzi, lai nerad\u012btu nevajadz\u012bgu satraukumu vai nepatiesu priek\u0161statu. Prokurat\u016bras attur\u012bba no koment\u0101riem var tikt uztverta ar\u012b k\u0101 strat\u0113\u0123isks solis, lai neietekm\u0113tu izmekl\u0113\u0161anas gaitu vai nesniegtu inform\u0101ciju person\u0101m, kuras var\u0113tu m\u0113\u0123in\u0101t kav\u0113t procesu. Laiks r\u0101d\u012bs, k\u0101da b\u016bs ofici\u0101l\u0101 nost\u0101ja un k\u0101di so\u013ci tiks sperti, lai risin\u0101tu \u0161o sare\u017e\u0123\u012bto korupcijas lietu, kas, iesp\u0113jams, ir tikai aisberga redzam\u0101 da\u013ca.<\/p>\n<p>Potenci\u0101l\u0101s sekas un turpm\u0101kie so\u013ci<\/p>\n<p>Korupcijas skand\u0101liem, \u012bpa\u0161i t\u0101diem, kas skar ener\u0123\u0113tikas nozari, var b\u016bt pla\u0161as sekas \u2013 s\u0101kot no finansi\u0101liem zaud\u0113jumiem un uztic\u012bbas kr\u012bzes, l\u012bdz pat potenci\u0101l\u0101m izmai\u0146\u0101m valsts ener\u0123\u0113tikas politik\u0101. Tom\u0113r, lai gan situ\u0101cija ir nopietna, ir svar\u012bgi saglab\u0101t mieru un sagaid\u012bt ofici\u0101lo inform\u0101ciju. &#8220;Enerhoatom&#8221; ir strat\u0113\u0123iski svar\u012bgs uz\u0146\u0113mums, un jebk\u0101das ar to saist\u012btas probl\u0113mas var rad\u012bt pla\u0161\u0101ku rezonansi. Turpm\u0101kie so\u013ci, ko spers gan Latvijas, gan Ukrainas ties\u012bbsarg\u0101jo\u0161\u0101s iest\u0101des, b\u016bs iz\u0161\u0137iro\u0161i, lai atjaunotu uztic\u012bbu un nodro\u0161in\u0101tu, ka \u0161\u0101di p\u0101rk\u0101pumi netiek pie\u013cauti n\u0101kotn\u0113. \u0160is gad\u012bjums v\u0113lreiz uzsver nepiecie\u0161am\u012bbu p\u0113c stingras uzraudz\u012bbas un atbild\u012bbas principu iev\u0113ro\u0161anas vis\u0101s valsts un starptautiskaj\u0101s instit\u016bcij\u0101s.<\/p>\n","protected":false},"excerpt":{"rendered":"Latvijas prokurat\u016bra klus\u0113 par Ukrainas tiesisk\u0101s pal\u012bdz\u012bbas l\u016bgumiem korupcijas liet\u0101 Latvijas prokurat\u016bra \u0161obr\u012bd atsak\u0101s sniegt jebk\u0101dus koment\u0101rus attiec\u012bb\u0101&hellip;\n","protected":false},"author":2,"featured_media":63543,"comment_status":"","ping_status":"","sticky":false,"template":"","format":"standard","meta":{"footnotes":""},"categories":[5],"tags":[23,28,29,15268,32,33,22,13439,30,31,35,39,38,36,37,34,16677,40,20,26,27,13484,24,25,16678,21],"class_list":{"0":"post-63542","1":"post","2":"type-post","3":"status-publish","4":"format-standard","5":"has-post-thumbnail","7":"category-aktualitates","8":"tag-aktualitates","9":"tag-breaking-news","10":"tag-breakingnews","11":"tag-enerhoatom","12":"tag-featured-news","13":"tag-featurednews","14":"tag-headlines","15":"tag-korupcijas-skandals","16":"tag-latest-news","17":"tag-latestnews","18":"tag-latvia","19":"tag-latvian","20":"tag-latviesu","21":"tag-latviesu-valoda","22":"tag-latviesuvaloda","23":"tag-latvija","24":"tag-latvijas-prokuratura","25":"tag-lv","26":"tag-news","27":"tag-popularakas-zinas","28":"tag-popularakaszinas","29":"tag-tiesibsargajosas-iestades","30":"tag-top-stories","31":"tag-topstories","32":"tag-ukrainas-tiesiska-palidziba","33":"tag-zinas"},"share_on_mastodon":{"url":"https:\/\/pubeurope.com\/@lv\/115648938908785446","error":""},"_links":{"self":[{"href":"https:\/\/www.europesays.com\/lv\/wp-json\/wp\/v2\/posts\/63542","targetHints":{"allow":["GET"]}}],"collection":[{"href":"https:\/\/www.europesays.com\/lv\/wp-json\/wp\/v2\/posts"}],"about":[{"href":"https:\/\/www.europesays.com\/lv\/wp-json\/wp\/v2\/types\/post"}],"author":[{"embeddable":true,"href":"https:\/\/www.europesays.com\/lv\/wp-json\/wp\/v2\/users\/2"}],"replies":[{"embeddable":true,"href":"https:\/\/www.europesays.com\/lv\/wp-json\/wp\/v2\/comments?post=63542"}],"version-history":[{"count":0,"href":"https:\/\/www.europesays.com\/lv\/wp-json\/wp\/v2\/posts\/63542\/revisions"}],"wp:featuredmedia":[{"embeddable":true,"href":"https:\/\/www.europesays.com\/lv\/wp-json\/wp\/v2\/media\/63543"}],"wp:attachment":[{"href":"https:\/\/www.europesays.com\/lv\/wp-json\/wp\/v2\/media?parent=63542"}],"wp:term":[{"taxonomy":"category","embeddable":true,"href":"https:\/\/www.europesays.com\/lv\/wp-json\/wp\/v2\/categories?post=63542"},{"taxonomy":"post_tag","embeddable":true,"href":"https:\/\/www.europesays.com\/lv\/wp-json\/wp\/v2\/tags?post=63542"}],"curies":[{"name":"wp","href":"https:\/\/api.w.org\/{rel}","templated":true}]}}