{"id":63638,"date":"2025-12-02T09:22:13","date_gmt":"2025-12-02T09:22:13","guid":{"rendered":"https:\/\/www.europesays.com\/lv\/63638\/"},"modified":"2025-12-02T09:22:13","modified_gmt":"2025-12-02T09:22:13","slug":"versis-sankcijas-pret-baltkrieviju-saistiba-ar-uzbrukumiem-lietuvai","status":"publish","type":"post","link":"https:\/\/www.europesays.com\/lv\/63638\/","title":{"rendered":"V\u0113rs\u012bs sankcijas pret Baltkrieviju saist\u012bb\u0101 ar uzbrukumiem Lietuvai"},"content":{"rendered":"<p>No Baltkrievijas ielidoju\u0161o kontrabandas gaisa balonu d\u0113\u013c Vi\u013c\u0146as lidosta p\u0113d\u0113jo m\u0113ne\u0161u laik\u0101 tikusi sl\u0113gta regul\u0101ri un bie\u017ei.<\/p>\n<p>&#8220;Situ\u0101cija uz robe\u017eas ar Baltkrieviju pasliktin\u0101s, gad\u012bjumiem, kad Lietuv\u0101 ielido kontrabandas gaisa baloni, k\u013c\u016bstot bie\u017e\u0101kiem,&#8221; p\u0113c sarun\u0101m ar Lietuvas prezidentu Gitanu Naus\u0113du platform\u0101 &#8220;X&#8221; pauda Leiena.<\/p>\n<p>&#8220;\u0160\u0101ds Luka\u0161enko re\u017e\u012bma hibr\u012bduzbrukums ir piln\u012bgi nepie\u0146emams. M\u0113s turpin\u0101m b\u016bt solid\u0101ri ar Lietuvu piln\u0101 apm\u0113r\u0101,&#8221; uzsv\u0113ra EK prezidente.<\/p>\n<p>&#8220;M\u0113s gatavojam t\u0101l\u0101kus pas\u0101kumus saska\u0146\u0101 ar m\u016bsu sankciju re\u017e\u012bmu,&#8221; vi\u0146a piebilda.<\/p>\n","protected":false},"excerpt":{"rendered":"No Baltkrievijas ielidoju\u0161o kontrabandas gaisa balonu d\u0113\u013c Vi\u013c\u0146as lidosta p\u0113d\u0113jo m\u0113ne\u0161u laik\u0101 tikusi sl\u0113gta regul\u0101ri un bie\u017ei. &#8220;Situ\u0101cija&hellip;\n","protected":false},"author":2,"featured_media":45512,"comment_status":"","ping_status":"","sticky":false,"template":"","format":"standard","meta":{"footnotes":""},"categories":[5],"tags":[23,2725,28,29,32,33,22,30,31,35,39,38,36,37,34,5206,40,20,26,27,24,25,21],"class_list":{"0":"post-63638","1":"post","2":"type-post","3":"status-publish","4":"format-standard","5":"has-post-thumbnail","7":"category-aktualitates","8":"tag-aktualitates","9":"tag-aleksandrs-lukasenko","10":"tag-breaking-news","11":"tag-breakingnews","12":"tag-featured-news","13":"tag-featurednews","14":"tag-headlines","15":"tag-latest-news","16":"tag-latestnews","17":"tag-latvia","18":"tag-latvian","19":"tag-latviesu","20":"tag-latviesu-valoda","21":"tag-latviesuvaloda","22":"tag-latvija","23":"tag-lukasenko-rezims","24":"tag-lv","25":"tag-news","26":"tag-popularakas-zinas","27":"tag-popularakaszinas","28":"tag-top-stories","29":"tag-topstories","30":"tag-zinas"},"share_on_mastodon":{"url":"https:\/\/pubeurope.com\/@lv\/115649245686894724","error":""},"_links":{"self":[{"href":"https:\/\/www.europesays.com\/lv\/wp-json\/wp\/v2\/posts\/63638","targetHints":{"allow":["GET"]}}],"collection":[{"href":"https:\/\/www.europesays.com\/lv\/wp-json\/wp\/v2\/posts"}],"about":[{"href":"https:\/\/www.europesays.com\/lv\/wp-json\/wp\/v2\/types\/post"}],"author":[{"embeddable":true,"href":"https:\/\/www.europesays.com\/lv\/wp-json\/wp\/v2\/users\/2"}],"replies":[{"embeddable":true,"href":"https:\/\/www.europesays.com\/lv\/wp-json\/wp\/v2\/comments?post=63638"}],"version-history":[{"count":0,"href":"https:\/\/www.europesays.com\/lv\/wp-json\/wp\/v2\/posts\/63638\/revisions"}],"wp:featuredmedia":[{"embeddable":true,"href":"https:\/\/www.europesays.com\/lv\/wp-json\/wp\/v2\/media\/45512"}],"wp:attachment":[{"href":"https:\/\/www.europesays.com\/lv\/wp-json\/wp\/v2\/media?parent=63638"}],"wp:term":[{"taxonomy":"category","embeddable":true,"href":"https:\/\/www.europesays.com\/lv\/wp-json\/wp\/v2\/categories?post=63638"},{"taxonomy":"post_tag","embeddable":true,"href":"https:\/\/www.europesays.com\/lv\/wp-json\/wp\/v2\/tags?post=63638"}],"curies":[{"name":"wp","href":"https:\/\/api.w.org\/{rel}","templated":true}]}}