{"id":63639,"date":"2025-12-02T09:23:08","date_gmt":"2025-12-02T09:23:08","guid":{"rendered":"https:\/\/www.europesays.com\/lv\/63639\/"},"modified":"2025-12-02T09:23:08","modified_gmt":"2025-12-02T09:23:08","slug":"ieskaties-seriala-praktiska-kokvilna-tapsanas-aizkulises","status":"publish","type":"post","link":"https:\/\/www.europesays.com\/lv\/63639\/","title":{"rendered":"Ieskaties seri\u0101la &#8220;Praktisk\u0101 kokvilna&#8221; tap\u0161anas aizkulis\u0113s"},"content":{"rendered":"<p>Raid\u012bjums &#8220;Praktiski ar D\u017eemmu&#8221; atkl\u0101j patiesi interesantus aspektus ne vien par pa\u0161u &#8220;Praktisko kokvilnu&#8221; \u2013 seri\u0101lu un gr\u0101matu, bet ar\u012b par re\u017eisores, gr\u0101matas autores, int\u012bmo ainu koordinatores un aktieru darbu film\u0113\u0161anas laukum\u0101 un \u0101rpus t\u0101, pieskaroties ar\u012b personiskaj\u0101m atzi\u0146\u0101m un izaicin\u0101jumiem.<\/p>\n<p>Raid\u012bjum\u0101 var\u0113s uzzin\u0101t: k\u0101 rakstnieki uztver filmas ekraniz\u0101cijas, kura ir vientu\u013c\u0101k\u0101 profesija uz film\u0113\u0161anas laukuma, kur var ieg\u0101d\u0101ties speci\u0101lo ve\u013cu int\u012bmaj\u0101m ain\u0101m un cik t\u0101 maks\u0101, k\u0101 ar\u012b citus aizraujo\u0161us faktus par kino pasauli un seri\u0101la &#8220;Praktisk\u0101 kokvilna&#8221; veido\u0161anu.<\/p>\n<blockquote class=\"quote ck-widget\" contenteditable=\"false\">\n<p>Intervij\u0101s piedal\u012bsies: Zane Nuts, Zanda Ram\u0101ne, M\u0101ra Sleja, Igors \u0160elegovskis, Sandija Dovg\u0101ne, Liene Sebre un J\u0101nis Kronis.<\/p>\n<\/blockquote>\n<p>&#8220;Praktiski ar D\u017eemmu&#8221; ietver septi\u0146as epizodes, un t\u0101 form\u0101ts atg\u0101dina raidierakstu, \u013caujot skat\u012bt\u0101jiem to izbaud\u012bt, paral\u0113li darbojoties ar citiem uzdevumiem.<\/p>\n<p>&#8220;Praktiski ar D\u017eemmu&#8221; var noskat\u012bties ar\u012b vien\u0101 pieg\u0101jien\u0101 \u2013 visas s\u0113rijas jau ir pieejamas Go3 telev\u012bzij\u0101.<\/p>\n<p>Jaunais pa\u0161m\u0101ju seri\u0101ls &#8220;Praktisk\u0101 kokvilna&#8221; v\u0113sta par tr\u012bsdesmit \u010detrus gadus jauno Ditu, kas divus gadus p\u0113c \u0161\u0137ir\u0161an\u0101s, ir pie\u0146\u0113musi l\u0113mumu \u2013 nomain\u012bt kokvilnas m\u0101jas t\u0113rpu pret kaut ko ne\u0113rt\u0101ku, toties izaicino\u0161\u0101ku \u2013 randi\u0146iem! Vi\u0146a dod iesp\u0113ju internetam, un t\u0101 dz\u012bl\u0113s atrod patie\u0161\u0101m interesantu v\u012brieti, kas atmodina vi\u0146as duso\u0161o libido.<\/p>\n<p>Go3 seri\u0101lam &#8220;Praktisk\u0101 kokvilna&#8221; tuvojas nosl\u0113gums \u2013 atliku\u0161as vien divas epizodes! Jaunas epizodes tiek public\u0113tas tre\u0161dien\u0101s.<\/p>\n","protected":false},"excerpt":{"rendered":"Raid\u012bjums &#8220;Praktiski ar D\u017eemmu&#8221; atkl\u0101j patiesi interesantus aspektus ne vien par pa\u0161u &#8220;Praktisko kokvilnu&#8221; \u2013 seri\u0101lu un gr\u0101matu,&hellip;\n","protected":false},"author":2,"featured_media":63640,"comment_status":"","ping_status":"","sticky":false,"template":"","format":"standard","meta":{"footnotes":""},"categories":[19],"tags":[89,90,35,39,38,36,37,34,40,10364],"class_list":{"0":"post-63639","1":"post","2":"type-post","3":"status-publish","4":"format-standard","5":"has-post-thumbnail","7":"category-izklaide","8":"tag-entertainment","9":"tag-izklaide","10":"tag-latvia","11":"tag-latvian","12":"tag-latviesu","13":"tag-latviesu-valoda","14":"tag-latviesuvaloda","15":"tag-latvija","16":"tag-lv","17":"tag-praktiska-kokvilna"},"share_on_mastodon":{"url":"https:\/\/pubeurope.com\/@lv\/115649249485991717","error":""},"_links":{"self":[{"href":"https:\/\/www.europesays.com\/lv\/wp-json\/wp\/v2\/posts\/63639","targetHints":{"allow":["GET"]}}],"collection":[{"href":"https:\/\/www.europesays.com\/lv\/wp-json\/wp\/v2\/posts"}],"about":[{"href":"https:\/\/www.europesays.com\/lv\/wp-json\/wp\/v2\/types\/post"}],"author":[{"embeddable":true,"href":"https:\/\/www.europesays.com\/lv\/wp-json\/wp\/v2\/users\/2"}],"replies":[{"embeddable":true,"href":"https:\/\/www.europesays.com\/lv\/wp-json\/wp\/v2\/comments?post=63639"}],"version-history":[{"count":0,"href":"https:\/\/www.europesays.com\/lv\/wp-json\/wp\/v2\/posts\/63639\/revisions"}],"wp:featuredmedia":[{"embeddable":true,"href":"https:\/\/www.europesays.com\/lv\/wp-json\/wp\/v2\/media\/63640"}],"wp:attachment":[{"href":"https:\/\/www.europesays.com\/lv\/wp-json\/wp\/v2\/media?parent=63639"}],"wp:term":[{"taxonomy":"category","embeddable":true,"href":"https:\/\/www.europesays.com\/lv\/wp-json\/wp\/v2\/categories?post=63639"},{"taxonomy":"post_tag","embeddable":true,"href":"https:\/\/www.europesays.com\/lv\/wp-json\/wp\/v2\/tags?post=63639"}],"curies":[{"name":"wp","href":"https:\/\/api.w.org\/{rel}","templated":true}]}}