{"id":63645,"date":"2025-12-02T09:28:07","date_gmt":"2025-12-02T09:28:07","guid":{"rendered":"https:\/\/www.europesays.com\/lv\/63645\/"},"modified":"2025-12-02T09:28:07","modified_gmt":"2025-12-02T09:28:07","slug":"jekabpils-atlets-daniels-giedris-nominets-gada-u18-vieglatlets-balsojuma-jekabpils-laiks-jekabpils-zinas","status":"publish","type":"post","link":"https:\/\/www.europesays.com\/lv\/63645\/","title":{"rendered":"J\u0113kabpils atl\u0113ts Daniels \u0122iedris nomin\u0113ts \u201cGada U18 vieglatl\u0113ts\u201d balsojum\u0101 \/ J\u0113kabpils Laiks: J\u0113kabpils zi\u0146as"},"content":{"rendered":"<p>Latvijas Vieglatl\u0113tikas savien\u012bba sadarb\u012bb\u0101 ar port\u0101lu LSM.lv aicina iedz\u012bvot\u0101jus piedal\u012bties balsojum\u0101, lai noteiktu 2025. gada lab\u0101kos Latvijas vieglatl\u0113tus, jaunie\u0161us un gada treneri. Balso\u0161ana port\u0101l\u0101 <a href=\"https:\/\/www.lsm.lv\/raksts\/sports\/vieglatletika\/01.12.2025-izvelies-un-nobalso-par-gada-labakajiem-latvijas-vieglatletiem.a623283\/?fbclid=IwY2xjawObiV5leHRuA2FlbQIxMQBzcnRjBmFwcF9pZBAyMjIwMzkxNzg4MjAwODkyAAEe7gk1aKqRWFrgmei9I408Lz9LwuYmDMmNMcmlHrv6dhWu8bVuITgTJBF5nP8_aem_bOKSgzVmsXwpeXiSlI6NPA\" target=\"_blank\" rel=\"nofollow noopener\">LSM.lv<\/a> nosl\u0113gsies 14. decembr\u012b pulksten 23:59.<\/p>\n<p>Pirmo reizi publiskaj\u0101 balsojum\u0101 var\u0113s izv\u0113l\u0113ties ar\u012b nomin\u0101cijas:<\/p>\n<ul>&#13;<\/p>\n<li>Gada vecmeistare un Gada vecmeistars<\/li>\n<p>&#13;<\/p>\n<li>Gada sportists\/-e taku skrie\u0161an\u0101<\/li>\n<p>&#13;<\/p>\n<li>Gada sportists\/-e ultragaraj\u0101s distanc\u0113s<\/li>\n<p>&#13;\n<\/ul>\n<p>J\u0113kabpils Sporta skolas augsl\u0113c\u0113js Daniels \u0122iedris (treneris \u0122irts Lamba) piedal\u0101s nomin\u0101cij\u0101 \u201cGada U18 vieglatl\u0113ts\u201d. Vi\u0146am l\u012bdz\u0101s nomin\u0101cij\u0101 kandid\u0113:<\/p>\n<ul>&#13;<\/p>\n<li>Toms Jansons \u2013 t\u0101ll\u0113k\u0161ana<\/li>\n<p>&#13;<\/p>\n<li>Ernests Le\u0161inskis \u2013 daudzc\u012b\u0146a<\/li>\n<p>&#13;<\/p>\n<li>Mat\u012bss Nazarovs \u2013 \u0161\u0137\u0113pa me\u0161ana<\/li>\n<p>&#13;<\/p>\n<li>Toms Samauskis \u2013 diska me\u0161ana<\/li>\n<p>&#13;\n<\/ul>\n<p>Balv\u0101m ir nomin\u0113ti sportisti, kuri 2025. gad\u0101 uzr\u0101d\u012bja\u00a0atz\u012bstamus rezult\u0101tus Latvijas, Baltijas, Eiropas un pasaules \u010dempion\u0101tos, k\u0101 ar\u012b cit\u0101s starptautisk\u0101s sacens\u012bb\u0101s attiec\u012bgaj\u0101s vecuma grup\u0101s.\u00a0Nobalsot var reizi dien\u0101 ar soci\u0101l\u0101 medija konta piesl\u0113gumu\u00a0vai nor\u0101dot savu e-pasta adresi.\u00a0<\/p>\n<p>Balvu ieguv\u0113jus noteiks \u010detras da\u017e\u0101das auditorijas \u2013 tautas balsojums LSM.lv (25%), LVS Treneru, Jaunatnes un Atl\u0113tu komisijas (25%), LVS juridiskie biedri (25%) un \u017e\u016brija (25%).\u00a0Nominantus balsojumam izvirz\u012bja LVS \u017e\u016brija.\u00a0<\/p>\n<p>Laure\u0101tus godin\u0101s 2026. gada janv\u0101r\u012b.<\/p>\n","protected":false},"excerpt":{"rendered":"Latvijas Vieglatl\u0113tikas savien\u012bba sadarb\u012bb\u0101 ar port\u0101lu LSM.lv aicina iedz\u012bvot\u0101jus piedal\u012bties balsojum\u0101, lai noteiktu 2025. gada lab\u0101kos Latvijas vieglatl\u0113tus,&hellip;\n","protected":false},"author":2,"featured_media":63646,"comment_status":"","ping_status":"","sticky":false,"template":"","format":"standard","meta":{"footnotes":""},"categories":[5],"tags":[23,28,29,32,33,22,987,986,30,31,35,39,38,36,37,34,40,20,26,27,24,25,21],"class_list":{"0":"post-63645","1":"post","2":"type-post","3":"status-publish","4":"format-standard","5":"has-post-thumbnail","7":"category-aktualitates","8":"tag-aktualitates","9":"tag-breaking-news","10":"tag-breakingnews","11":"tag-featured-news","12":"tag-featurednews","13":"tag-headlines","14":"tag-jekabpils-zinas","15":"tag-jekabpilslaiks","16":"tag-latest-news","17":"tag-latestnews","18":"tag-latvia","19":"tag-latvian","20":"tag-latviesu","21":"tag-latviesu-valoda","22":"tag-latviesuvaloda","23":"tag-latvija","24":"tag-lv","25":"tag-news","26":"tag-popularakas-zinas","27":"tag-popularakaszinas","28":"tag-top-stories","29":"tag-topstories","30":"tag-zinas"},"share_on_mastodon":{"url":"https:\/\/pubeurope.com\/@lv\/115649269276834418","error":""},"_links":{"self":[{"href":"https:\/\/www.europesays.com\/lv\/wp-json\/wp\/v2\/posts\/63645","targetHints":{"allow":["GET"]}}],"collection":[{"href":"https:\/\/www.europesays.com\/lv\/wp-json\/wp\/v2\/posts"}],"about":[{"href":"https:\/\/www.europesays.com\/lv\/wp-json\/wp\/v2\/types\/post"}],"author":[{"embeddable":true,"href":"https:\/\/www.europesays.com\/lv\/wp-json\/wp\/v2\/users\/2"}],"replies":[{"embeddable":true,"href":"https:\/\/www.europesays.com\/lv\/wp-json\/wp\/v2\/comments?post=63645"}],"version-history":[{"count":0,"href":"https:\/\/www.europesays.com\/lv\/wp-json\/wp\/v2\/posts\/63645\/revisions"}],"wp:featuredmedia":[{"embeddable":true,"href":"https:\/\/www.europesays.com\/lv\/wp-json\/wp\/v2\/media\/63646"}],"wp:attachment":[{"href":"https:\/\/www.europesays.com\/lv\/wp-json\/wp\/v2\/media?parent=63645"}],"wp:term":[{"taxonomy":"category","embeddable":true,"href":"https:\/\/www.europesays.com\/lv\/wp-json\/wp\/v2\/categories?post=63645"},{"taxonomy":"post_tag","embeddable":true,"href":"https:\/\/www.europesays.com\/lv\/wp-json\/wp\/v2\/tags?post=63645"}],"curies":[{"name":"wp","href":"https:\/\/api.w.org\/{rel}","templated":true}]}}