{"id":63678,"date":"2025-12-02T09:59:23","date_gmt":"2025-12-02T09:59:23","guid":{"rendered":"https:\/\/www.europesays.com\/lv\/63678\/"},"modified":"2025-12-02T09:59:23","modified_gmt":"2025-12-02T09:59:23","slug":"emilija-skatitaju-favorite-alise-haijima-kopvertejuma-lidere-rokmuzikas-raidijuma-lente-lv","status":"publish","type":"post","link":"https:\/\/www.europesays.com\/lv\/63678\/","title":{"rendered":"Emilija skat\u012bt\u0101ju favor\u012bte, Alise Haijima \u2013 kopv\u0113rt\u0113juma l\u012bdere rokm\u016bzikas raid\u012bjum\u0101\u00a0\u2014\u00a0Lente.lv"},"content":{"rendered":"<p>\u00abP\u0101rdziedi mani!\u00bb Otr\u0101 Sezona S\u0101kusies Ar Sp\u0113c\u012bgu Roku \u0122it\u0101ru Skan\u0113jumu<\/p>\n<p>29. novembra vakar\u0101 Latvijas Telev\u012bzijas \u0113ter\u0101 atskan\u0113ja muzik\u0101l\u0101 izklaides \u0161ova \u00abP\u0101rdziedi mani!\u00bb otr\u0101s sezonas atkl\u0101\u0161anas raid\u012bjums. \u0160is pas\u0101kums pulc\u0113ja asto\u0146us Latvij\u0101 iem\u012b\u013cotus m\u016bzi\u0137us, kuri ar aizraut\u012bbu un talantu piev\u0113rs\u0101s rokm\u016bzikas \u017eanram, demonstr\u0113jot savas sp\u0113jas un uzdr\u012bkst\u0113\u0161anos \u0101rpus ierast\u0101s komforta zonas. \u0160ova atgrie\u0161an\u0101s ar jauno sezonu skat\u012bt\u0101jiem sag\u0101d\u0101ja pat\u012bkamu p\u0101rsteigumu un jaunu ener\u0123ijas devu.<\/p>\n<p>Skat\u012bt\u0101ju Balsojuma Uzvar\u0113t\u0101ja \u2013 Emilija<\/p>\n<p>Skat\u012bt\u0101ju v\u0113rt\u0113jum\u0101 p\u0101rliecino\u0161i lab\u0101kais sniegums pirmaj\u0101 rokm\u016bzikas raid\u012bjum\u0101 izr\u0101d\u012bj\u0101s dzied\u0101t\u0101jas Emilijas izpild\u012bjums. Vi\u0146a izpild\u012bja grupas \u00abKings of Leon\u00bb hitu \u00abSex On Fire\u00bb, un vi\u0146as interpret\u0101cija ieguva skat\u012bt\u0101ju sirdis, ierindojoties pirmaj\u0101 viet\u0101 tautas balsojum\u0101. Emilijas sp\u0113ja iejusties rokm\u016bzikas ener\u0123ij\u0101 un stil\u0101 bija neap\u0161aub\u0101mi spilgta.<\/p>\n<p>Otro vietu skat\u012bt\u0101ju balsojum\u0101 ie\u0146\u0113ma Antra Stafecka ar \u00abRoxette\u00bb dziesmu \u00abThe Look\u00bb, bet tre\u0161aj\u0101 viet\u0101 ierindoj\u0101s etnom\u016bzi\u0137is Art\u016brs U\u0161k\u0101ns ar \u00abKiss\u00bb kaverversiju \u00abI Was Made for Lovin&#8217; You\u00bb.<\/p>\n<p>Kopbalsojuma L\u012bdere \u2013 Alise Haijima<\/p>\n<p>Lai gan skat\u012bt\u0101ju simp\u0101tijas guva Emilija, kopv\u0113rt\u0113jum\u0101, pieskaitot ekspertu pie\u0161\u0137irtos punktus, \u0161\u012b vakara favor\u012btes titulu ieguva Alise Haijima. Vi\u0146as uzst\u0101\u0161an\u0101s ar Prinsa dziesmu \u00abPurple Rain\u00bb ie\u0146\u0113ma ceturto vietu skat\u012bt\u0101ju balsojum\u0101, ta\u010du ekspertu nov\u0113rt\u0113jums vi\u0146u izvirz\u012bja kopv\u0113rt\u0113juma l\u012bderpoz\u012bcij\u0101.<\/p>\n<p>Ekspertu balsojuma pirmaj\u0101 trijniek\u0101 iek\u013cuva ar\u012b Raimonds Vazdiks un Ralfs Eilands, ta\u010du Alises Haijimas sniegums guva visliel\u0101ko atzin\u012bbu no profesion\u0101\u013cu \u017e\u016brijas.<\/p>\n<p>\u00abP\u0101rdziedi Mani!\u00bb \u2013 Izaicin\u0101jums M\u016bzi\u0137iem<\/p>\n<p>Muzik\u0101lais \u0161ovs \u00abP\u0101rdziedi mani!\u00bb atgriezies ar otro sezonu, pied\u0101v\u0101jot asto\u0146iem sabiedr\u012bb\u0101 zin\u0101miem m\u016bzi\u0137iem izaicin\u0101jumu izpild\u012bt dziesmas, kas nav vi\u0146u ierastaj\u0101 \u017eanru un stilu kl\u0101st\u0101. \u0160\u0101ds form\u0101ts \u013cauj skat\u012bt\u0101jiem ieraudz\u012bt m\u0101ksliniekus jaun\u0101 gaism\u0101, atkl\u0101jot vi\u0146u daudzpus\u012bbu un rado\u0161o potenci\u0101lu.<\/p>\n<p>\u0160ova vad\u012bt\u0101ju lom\u0101s redzami jau paz\u012bstamie eksperti \u2013 dzied\u0101t\u0101ja Marija Naumova un Andris Freidenfelds, kuriem pievienojas ar\u012b m\u016bzikas \u017eanra speci\u0101lists. Katru ned\u0113\u013cu pievienotais eksperts pal\u012bdz nov\u0113rt\u0113t dal\u012bbnieku sniegumu, piev\u0113r\u0161ot uzman\u012bbu ne tikai muzik\u0101lajai izpild\u012bjumam, bet ar\u012b sp\u0113jai iziet no komforta zonas un sevi izaicin\u0101t.<\/p>\n<p>\u0160ova otr\u0101s sezonas dal\u012bbnieku vid\u016b ir t\u0101di m\u0101kslinieki k\u0101 Alise Haijima, Antra Stafecka, Art\u016brs U\u0161k\u0101ns, Emilija, J\u0101nis Apeinis, Raimonda Vazdika, Ralfs Eilands un Rolands \u010ce. \u0160is daudzveid\u012bgais sast\u0101vs sola aizraujo\u0161u muzik\u0101lu ce\u013cojumu asto\u0146u ned\u0113\u013cu garum\u0101.<\/p>\n","protected":false},"excerpt":{"rendered":"\u00abP\u0101rdziedi mani!\u00bb Otr\u0101 Sezona S\u0101kusies Ar Sp\u0113c\u012bgu Roku \u0122it\u0101ru Skan\u0113jumu 29. novembra vakar\u0101 Latvijas Telev\u012bzijas \u0113ter\u0101 atskan\u0113ja muzik\u0101l\u0101&hellip;\n","protected":false},"author":2,"featured_media":63679,"comment_status":"","ping_status":"","sticky":false,"template":"","format":"standard","meta":{"footnotes":""},"categories":[19],"tags":[10209,16665,402,89,90,35,39,38,36,37,34,40,16666,7207],"class_list":{"0":"post-63678","1":"post","2":"type-post","3":"status-publish","4":"format-standard","5":"has-post-thumbnail","7":"category-izklaide","8":"tag-pardziedi-mani","9":"tag-alise-haijima","10":"tag-emilija","11":"tag-entertainment","12":"tag-izklaide","13":"tag-latvia","14":"tag-latvian","15":"tag-latviesu","16":"tag-latviesu-valoda","17":"tag-latviesuvaloda","18":"tag-latvija","19":"tag-lv","20":"tag-muzikalais-sovs","21":"tag-rokmuzika"},"share_on_mastodon":{"url":"https:\/\/pubeurope.com\/@lv\/115649391072167992","error":""},"_links":{"self":[{"href":"https:\/\/www.europesays.com\/lv\/wp-json\/wp\/v2\/posts\/63678","targetHints":{"allow":["GET"]}}],"collection":[{"href":"https:\/\/www.europesays.com\/lv\/wp-json\/wp\/v2\/posts"}],"about":[{"href":"https:\/\/www.europesays.com\/lv\/wp-json\/wp\/v2\/types\/post"}],"author":[{"embeddable":true,"href":"https:\/\/www.europesays.com\/lv\/wp-json\/wp\/v2\/users\/2"}],"replies":[{"embeddable":true,"href":"https:\/\/www.europesays.com\/lv\/wp-json\/wp\/v2\/comments?post=63678"}],"version-history":[{"count":0,"href":"https:\/\/www.europesays.com\/lv\/wp-json\/wp\/v2\/posts\/63678\/revisions"}],"wp:featuredmedia":[{"embeddable":true,"href":"https:\/\/www.europesays.com\/lv\/wp-json\/wp\/v2\/media\/63679"}],"wp:attachment":[{"href":"https:\/\/www.europesays.com\/lv\/wp-json\/wp\/v2\/media?parent=63678"}],"wp:term":[{"taxonomy":"category","embeddable":true,"href":"https:\/\/www.europesays.com\/lv\/wp-json\/wp\/v2\/categories?post=63678"},{"taxonomy":"post_tag","embeddable":true,"href":"https:\/\/www.europesays.com\/lv\/wp-json\/wp\/v2\/tags?post=63678"}],"curies":[{"name":"wp","href":"https:\/\/api.w.org\/{rel}","templated":true}]}}