{"id":63690,"date":"2025-12-02T10:09:08","date_gmt":"2025-12-02T10:09:08","guid":{"rendered":"https:\/\/www.europesays.com\/lv\/63690\/"},"modified":"2025-12-02T10:09:08","modified_gmt":"2025-12-02T10:09:08","slug":"melbarde-nepiekapies-privatskolu-prasibam-ar-skolenu-skaita-kriterijiem","status":"publish","type":"post","link":"https:\/\/www.europesays.com\/lv\/63690\/","title":{"rendered":"Melb\u0101rde nepiek\u0101pies priv\u0101tskolu pras\u012bb\u0101m ar skol\u0113nu skaita krit\u0113rijiem"},"content":{"rendered":"<p>Atbilsto\u0161i IZM pied\u0101v\u0101jumam, priv\u0101tskol\u0101s pils\u0113t\u0101s un bl\u012bvi apdz\u012bvot\u0101s viet\u0101s 1.-3. kla\u0161u grup\u0101 j\u0101b\u016bt 120 skol\u0113niem un tikpat ar\u012b n\u0101kamaj\u0101s kla\u0161u grup\u0101s &#8211; 4.-6., 7.-9. un 10.-12. Asoci\u0101cija ar to nav mier\u0101, uzsverot iesp\u0113jamas &#8220;milz\u012bgas&#8221; infrastrukt\u016bras invest\u012bcijas telpu papla\u0161in\u0101\u0161anai, ko izgl\u012bt\u012bbas iest\u0101des var\u0113tu nesp\u0113t at\u013cauties.<\/p>\n<p>Asoci\u0101cija aicina dot\u0101cijas pedagogu atalgojumam noteikt p\u0113c t\u0101diem pa\u0161iem krit\u0113rijiem k\u0101 alternat\u012bv\u0101s pedago\u0123ijas un valsts augstskolu dibin\u0101taj\u0101m izgl\u012bt\u012bbas iest\u0101d\u0113m: 1.-3. klase &#8211; 30 skol\u0113ni, 4.-6. klase &#8211; 30, 7.-9. klase &#8211; 30, bet 10.-12. klase &#8211; 60.<\/p>\n<p>Asoci\u0101cija aicina saglab\u0101t finans\u0113jumu t\u0101m priv\u0101tskol\u0101m, kuras atbilst noteiktiem kvalit\u0101tes krit\u0113rijiem, piem\u0113ram, str\u0101d\u0101 saska\u0146\u0101 ar licenc\u0113t\u0101m un \u012bpa\u0161i izstr\u0101d\u0101t\u0101m autorprogramm\u0101m.<\/p>\n<p>Asoci\u0101cij\u0101 uzsver, ka tai l\u012bdz \u0161im nav izdevies tikt sadzird\u0113tai. IZM, p\u0113c asoci\u0101cijas paust\u0101, pl\u0101no izvirz\u012bt pras\u012bbas, kuras Latvijas priv\u0101tskolas nevar\u0113s izpild\u012bt, un turpm\u0101k <a href=\"https:\/\/www.tvnet.lv\/term\/561596\/izglitibas-kvalitate\" class=\"topicLink\" target=\"_blank\" rel=\"nofollow noopener\">izgl\u012bt\u012bbas kvalit\u0101te<\/a> tiks v\u0113rt\u0113ta galvenok\u0101rt p\u0113c kvantitat\u012bviem r\u0101d\u012bt\u0101jiem.<\/p>\n<p>P\u0113c asoci\u0101cijas apl\u0113s\u0113m, IZM rosin\u0101tie groz\u012bjumi Izgl\u012bt\u012bbas likum\u0101 par &#8220;Programma skol\u0101&#8221; ievie\u0161anu var ietekm\u0113t vair\u0101k nek\u0101 18 000 b\u0113rnu, k\u0101 ar\u012b vi\u0146u vec\u0101ku iesp\u0113jas ieg\u016bt pamatizgl\u012bt\u012bbu vai visp\u0101r\u0113jo vid\u0113jo izgl\u012bt\u012bbu k\u0101d\u0101 no Latvijas priv\u0101tskol\u0101m.<\/p>\n<p>Iebildumi izkl\u0101st\u012bti ar\u012b Saeimas deput\u0101tiem adres\u0113t\u0101 v\u0113stul\u0113, aicinot parlament\u0101rie\u0161us nebalsot par 2026. gada valsts bud\u017eetu.<\/p>\n","protected":false},"excerpt":{"rendered":"Atbilsto\u0161i IZM pied\u0101v\u0101jumam, priv\u0101tskol\u0101s pils\u0113t\u0101s un bl\u012bvi apdz\u012bvot\u0101s viet\u0101s 1.-3. kla\u0161u grup\u0101 j\u0101b\u016bt 120 skol\u0113niem un tikpat ar\u012b&hellip;\n","protected":false},"author":2,"featured_media":63691,"comment_status":"","ping_status":"","sticky":false,"template":"","format":"standard","meta":{"footnotes":""},"categories":[12],"tags":[23,28,29,1857,32,33,22,336,3622,30,31,35,39,38,36,37,34,40,20,26,27,5004,1913,24,25,21],"class_list":{"0":"post-63690","1":"post","2":"type-post","3":"status-publish","4":"format-standard","5":"has-post-thumbnail","7":"category-latvija","8":"tag-aktualitates","9":"tag-breaking-news","10":"tag-breakingnews","11":"tag-dace-melbarde","12":"tag-featured-news","13":"tag-featurednews","14":"tag-headlines","15":"tag-izglitiba","16":"tag-izglitibas-kvalitate","17":"tag-latest-news","18":"tag-latestnews","19":"tag-latvia","20":"tag-latvian","21":"tag-latviesu","22":"tag-latviesu-valoda","23":"tag-latviesuvaloda","24":"tag-latvija","25":"tag-lv","26":"tag-news","27":"tag-popularakas-zinas","28":"tag-popularakaszinas","29":"tag-skolas","30":"tag-skolas-un-izglitiba","31":"tag-top-stories","32":"tag-topstories","33":"tag-zinas"},"share_on_mastodon":{"url":"https:\/\/pubeurope.com\/@lv\/115649430351800168","error":""},"_links":{"self":[{"href":"https:\/\/www.europesays.com\/lv\/wp-json\/wp\/v2\/posts\/63690","targetHints":{"allow":["GET"]}}],"collection":[{"href":"https:\/\/www.europesays.com\/lv\/wp-json\/wp\/v2\/posts"}],"about":[{"href":"https:\/\/www.europesays.com\/lv\/wp-json\/wp\/v2\/types\/post"}],"author":[{"embeddable":true,"href":"https:\/\/www.europesays.com\/lv\/wp-json\/wp\/v2\/users\/2"}],"replies":[{"embeddable":true,"href":"https:\/\/www.europesays.com\/lv\/wp-json\/wp\/v2\/comments?post=63690"}],"version-history":[{"count":0,"href":"https:\/\/www.europesays.com\/lv\/wp-json\/wp\/v2\/posts\/63690\/revisions"}],"wp:featuredmedia":[{"embeddable":true,"href":"https:\/\/www.europesays.com\/lv\/wp-json\/wp\/v2\/media\/63691"}],"wp:attachment":[{"href":"https:\/\/www.europesays.com\/lv\/wp-json\/wp\/v2\/media?parent=63690"}],"wp:term":[{"taxonomy":"category","embeddable":true,"href":"https:\/\/www.europesays.com\/lv\/wp-json\/wp\/v2\/categories?post=63690"},{"taxonomy":"post_tag","embeddable":true,"href":"https:\/\/www.europesays.com\/lv\/wp-json\/wp\/v2\/tags?post=63690"}],"curies":[{"name":"wp","href":"https:\/\/api.w.org\/{rel}","templated":true}]}}