{"id":63694,"date":"2025-12-02T10:15:09","date_gmt":"2025-12-02T10:15:09","guid":{"rendered":"https:\/\/www.europesays.com\/lv\/63694\/"},"modified":"2025-12-02T10:15:09","modified_gmt":"2025-12-02T10:15:09","slug":"otrdiena-bus-makonaina-vietam-saglabasies-migla","status":"publish","type":"post","link":"https:\/\/www.europesays.com\/lv\/63694\/","title":{"rendered":"Otrdiena b\u016bs m\u0101ko\u0146aina, viet\u0101m saglab\u0101sies migla"},"content":{"rendered":"<p>Otrdiena b\u016bs liel\u0101koties m\u0101ko\u0146aina, tom\u0113r b\u016btiski nokri\u0161\u0146i nav gaid\u0101mi. Ar\u012b dienas laik\u0101 atsevi\u0161\u0137os rajonos saglab\u0101sies migla. P\u016b\u0161ot l\u0113nam l\u012bdz m\u0113renam dienvidu puses v\u0113jam, maksim\u0101l\u0101 gaisa temperat\u016bra b\u016bs 0&#8230;+4 gr\u0101du robe\u017e\u0101s.<\/p>\n<p>Galvaspils\u0113t\u0101 diena b\u016bs m\u0101ko\u0146aina un sausa, ar l\u0113nu dienvidu puses v\u0113ju. Gaiss iesils l\u012bdz +1&#8230;+3 gr\u0101diem.<\/p>\n<p>Otrdienas r\u012bt\u0101 viet\u0101m ir apgr\u016btin\u0101ti brauk\u0161anas apst\u0101k\u013ci pa galvenajiem autoce\u013ciem Tukuma un Dobeles novados, liecina &#8220;Latvijas valsts ce\u013cu&#8221; inform\u0101cija.<\/p>\n<p>\u0160ajos novados viet\u0101m slidenas var b\u016bt Ventspils un Liep\u0101jas \u0161osejas, t\u0101p\u0113c \u0161ie ce\u013ci \u0161or\u012bt tiek kais\u012bti.<\/p>\n<p>Pa re\u0123ion\u0101lajiem autoce\u013ciem apgr\u016btin\u0101ta brauk\u0161ana ir Ventspils, Talsu, Tukuma, Saldus un Dobeles apk\u0101rtn\u0113s.<\/p>\n<p>Latvijas Vides, \u0123eolo\u0123ijas un meteorolo\u0123ijas centrs prognoz\u0113, ka gaisa temperat\u016bra \u0161odien Latvij\u0101 p\u0101rsvar\u0101 gaid\u0101ma plusos, bet b\u016btiski nokri\u0161\u0146i nav gaid\u0101mi.<\/p>\n<p>Vienlaikus sinopti\u0137i izplat\u012bju\u0161i br\u012bdin\u0101jumu, ka no r\u012bta R\u012bg\u0101 ir izveidojusies migla ar redzam\u012bbu 500-1000 metri, kas saglab\u0101sies ar\u012b priek\u0161pusdien\u0101.<\/p>\n","protected":false},"excerpt":{"rendered":"Otrdiena b\u016bs liel\u0101koties m\u0101ko\u0146aina, tom\u0113r b\u016btiski nokri\u0161\u0146i nav gaid\u0101mi. Ar\u012b dienas laik\u0101 atsevi\u0161\u0137os rajonos saglab\u0101sies migla. P\u016b\u0161ot l\u0113nam&hellip;\n","protected":false},"author":2,"featured_media":63695,"comment_status":"","ping_status":"","sticky":false,"template":"","format":"standard","meta":{"footnotes":""},"categories":[12],"tags":[23,28,29,32,33,22,1811,396,397,30,31,35,39,38,36,37,34,40,20,26,27,24,25,21],"class_list":{"0":"post-63694","1":"post","2":"type-post","3":"status-publish","4":"format-standard","5":"has-post-thumbnail","7":"category-latvija","8":"tag-aktualitates","9":"tag-breaking-news","10":"tag-breakingnews","11":"tag-featured-news","12":"tag-featurednews","13":"tag-headlines","14":"tag-laika-zina","15":"tag-laika-zinas","16":"tag-laikapstakli","17":"tag-latest-news","18":"tag-latestnews","19":"tag-latvia","20":"tag-latvian","21":"tag-latviesu","22":"tag-latviesu-valoda","23":"tag-latviesuvaloda","24":"tag-latvija","25":"tag-lv","26":"tag-news","27":"tag-popularakas-zinas","28":"tag-popularakaszinas","29":"tag-top-stories","30":"tag-topstories","31":"tag-zinas"},"share_on_mastodon":{"url":"https:\/\/pubeurope.com\/@lv\/115649454047815425","error":""},"_links":{"self":[{"href":"https:\/\/www.europesays.com\/lv\/wp-json\/wp\/v2\/posts\/63694","targetHints":{"allow":["GET"]}}],"collection":[{"href":"https:\/\/www.europesays.com\/lv\/wp-json\/wp\/v2\/posts"}],"about":[{"href":"https:\/\/www.europesays.com\/lv\/wp-json\/wp\/v2\/types\/post"}],"author":[{"embeddable":true,"href":"https:\/\/www.europesays.com\/lv\/wp-json\/wp\/v2\/users\/2"}],"replies":[{"embeddable":true,"href":"https:\/\/www.europesays.com\/lv\/wp-json\/wp\/v2\/comments?post=63694"}],"version-history":[{"count":0,"href":"https:\/\/www.europesays.com\/lv\/wp-json\/wp\/v2\/posts\/63694\/revisions"}],"wp:featuredmedia":[{"embeddable":true,"href":"https:\/\/www.europesays.com\/lv\/wp-json\/wp\/v2\/media\/63695"}],"wp:attachment":[{"href":"https:\/\/www.europesays.com\/lv\/wp-json\/wp\/v2\/media?parent=63694"}],"wp:term":[{"taxonomy":"category","embeddable":true,"href":"https:\/\/www.europesays.com\/lv\/wp-json\/wp\/v2\/categories?post=63694"},{"taxonomy":"post_tag","embeddable":true,"href":"https:\/\/www.europesays.com\/lv\/wp-json\/wp\/v2\/tags?post=63694"}],"curies":[{"name":"wp","href":"https:\/\/api.w.org\/{rel}","templated":true}]}}