{"id":63713,"date":"2025-12-02T10:38:08","date_gmt":"2025-12-02T10:38:08","guid":{"rendered":"https:\/\/www.europesays.com\/lv\/63713\/"},"modified":"2025-12-02T10:38:08","modified_gmt":"2025-12-02T10:38:08","slug":"tramps-izvirzijis-ultimatu-venecuelas-diktatoram-liecina-neoficiala-informacija","status":"publish","type":"post","link":"https:\/\/www.europesays.com\/lv\/63713\/","title":{"rendered":"Tramps izvirz\u012bjis ultim\u0101tu Venecu\u0113las diktatoram, liecina neofici\u0101la inform\u0101cija"},"content":{"rendered":"<p>Sarun\u0101, kas notikusi 21. novembr\u012b, Tramps sac\u012bjis Maduro, ka vi\u0146\u0161 kop\u0101 ar \u0123imenes locek\u013ciem var doties uz jebkuru vietu p\u0113c pa\u0161a izv\u0113les. Trampa noteiktais termi\u0146\u0161 beidz\u0101s piektdien, un Tramps soci\u0101lajos t\u012bklos pav\u0113st\u012bja, ka sl\u0113gs Venecu\u0113las gaisa telpu.<\/p>\n<p>&#8220;Reuters&#8221; avoti st\u0101sta, ka Maduro esot gatavs pamest Venecu\u0113lu, bet ar nosac\u012bjumu, ka vi\u0146\u0161 un vi\u0146a \u0123imenes locek\u013ci sa\u0146ems piln\u012bgu amnestiju, tostarp tiks atceltas visas <a href=\"https:\/\/www.tvnet.lv\/term\/555410\/asv\" class=\"topicLink\" target=\"_blank\" rel=\"nofollow noopener\">ASV<\/a> sankcijas un izbeigta lieta pret vi\u0146u Starptautiskaj\u0101 krimin\u0101lties\u0101.<\/p>\n<p>K\u0101 v\u0113sta &#8220;Reuters&#8221;, saruna ilgusi nepilnas 15 min\u016btes, un t\u0101s laik\u0101 Tramps noraid\u012bjis vair\u0101kas Venecu\u0113las prezidenta pras\u012bbas.<\/p>\n<p>Konkr\u0113ti, Maduro l\u016bdzis atcelt sankcijas vair\u0101k nek\u0101 100 Venecu\u0113las amatperson\u0101m, no kur\u0101m daudzas ASV aps\u016bdz cilv\u0113kties\u012bbu p\u0101rk\u0101pumos, narkotiku tirdzniec\u012bb\u0101 vai korupcij\u0101. Avoti apgalvo, ka Venecu\u0113las prezidents ar\u012b l\u016bdzis, lai p\u0101rejas posma vald\u012bbu vad\u012btu viceprezidente Delsija Rodrigesa.<\/p>\n<p>Tramps apstiprin\u0101ja, ka ir run\u0101jis ar Maduro, bet nesniedza s\u012bk\u0101ku inform\u0101ciju. Saska\u0146\u0101 ar tr\u012bs &#8220;Reuters&#8221; avotiem Maduro administr\u0101cija ir piepras\u012bjusi v\u0113l vienu telefonsarunu ar ASV prezidentu.<\/p>\n","protected":false},"excerpt":{"rendered":"Sarun\u0101, kas notikusi 21. novembr\u012b, Tramps sac\u012bjis Maduro, ka vi\u0146\u0161 kop\u0101 ar \u0123imenes locek\u013ciem var doties uz jebkuru&hellip;\n","protected":false},"author":2,"featured_media":63714,"comment_status":"","ping_status":"","sticky":false,"template":"","format":"standard","meta":{"footnotes":""},"categories":[14],"tags":[23,57,292,28,29,542,32,33,22,30,31,35,39,38,36,37,34,40,20,5168,26,27,24,25,358,54,55,56,21,58],"class_list":{"0":"post-63713","1":"post","2":"type-post","3":"status-publish","4":"format-standard","5":"has-post-thumbnail","7":"category-zinas-no-arvalstim","8":"tag-aktualitates","9":"tag-arvalstim","10":"tag-asv","11":"tag-breaking-news","12":"tag-breakingnews","13":"tag-donalds-tramps","14":"tag-featured-news","15":"tag-featurednews","16":"tag-headlines","17":"tag-latest-news","18":"tag-latestnews","19":"tag-latvia","20":"tag-latvian","21":"tag-latviesu","22":"tag-latviesu-valoda","23":"tag-latviesuvaloda","24":"tag-latvija","25":"tag-lv","26":"tag-news","27":"tag-nikolass-maduro","28":"tag-popularakas-zinas","29":"tag-popularakaszinas","30":"tag-top-stories","31":"tag-topstories","32":"tag-venecuela","33":"tag-world","34":"tag-world-news","35":"tag-worldnews","36":"tag-zinas","37":"tag-zinas-no-arvalstim"},"share_on_mastodon":{"url":"https:\/\/pubeurope.com\/@lv\/115649544399441757","error":""},"_links":{"self":[{"href":"https:\/\/www.europesays.com\/lv\/wp-json\/wp\/v2\/posts\/63713","targetHints":{"allow":["GET"]}}],"collection":[{"href":"https:\/\/www.europesays.com\/lv\/wp-json\/wp\/v2\/posts"}],"about":[{"href":"https:\/\/www.europesays.com\/lv\/wp-json\/wp\/v2\/types\/post"}],"author":[{"embeddable":true,"href":"https:\/\/www.europesays.com\/lv\/wp-json\/wp\/v2\/users\/2"}],"replies":[{"embeddable":true,"href":"https:\/\/www.europesays.com\/lv\/wp-json\/wp\/v2\/comments?post=63713"}],"version-history":[{"count":0,"href":"https:\/\/www.europesays.com\/lv\/wp-json\/wp\/v2\/posts\/63713\/revisions"}],"wp:featuredmedia":[{"embeddable":true,"href":"https:\/\/www.europesays.com\/lv\/wp-json\/wp\/v2\/media\/63714"}],"wp:attachment":[{"href":"https:\/\/www.europesays.com\/lv\/wp-json\/wp\/v2\/media?parent=63713"}],"wp:term":[{"taxonomy":"category","embeddable":true,"href":"https:\/\/www.europesays.com\/lv\/wp-json\/wp\/v2\/categories?post=63713"},{"taxonomy":"post_tag","embeddable":true,"href":"https:\/\/www.europesays.com\/lv\/wp-json\/wp\/v2\/tags?post=63713"}],"curies":[{"name":"wp","href":"https:\/\/api.w.org\/{rel}","templated":true}]}}