{"id":63719,"date":"2025-12-02T10:44:07","date_gmt":"2025-12-02T10:44:07","guid":{"rendered":"https:\/\/www.europesays.com\/lv\/63719\/"},"modified":"2025-12-02T10:44:07","modified_gmt":"2025-12-02T10:44:07","slug":"andrijs-jermaks-atkapies-no-zelenska-kancelejas-vaditaja-amata-korupcijas-skandala-enas-vidu-lente-lv","status":"publish","type":"post","link":"https:\/\/www.europesays.com\/lv\/63719\/","title":{"rendered":"Andrijs Jermaks atk\u0101pies no Zelenska kancelejas vad\u012bt\u0101ja amata korupcijas skand\u0101la \u0113nas vid\u016b\u00a0\u2014\u00a0Lente.lv"},"content":{"rendered":"<p>Jermaks atk\u0101pies no Zelenska kancelejas vad\u012bt\u0101ja amata vid\u016b korupcijas skand\u0101la<\/p>\n<p>Ukrainas prezidenta kancelejas vad\u012bt\u0101js Andrijs Jermaks piektdien, 28. novembr\u012b, iesniedzis atl\u016bgumu, pazi\u0146ojis prezidents Volodimirs Zelenskis. \u0160\u0101ds solis sekoja p\u0113c tam, kad Ukrainas Nacion\u0101lais pretkorupcijas birojs (NABU) un \u012apa\u0161\u0101 pretkorupcijas prokurat\u016bra (SAP) veica krat\u012b\u0161anu vi\u0146a dz\u012bvesviet\u0101 un biroj\u0101. Zelenskis uzrun\u0101 tautai min\u0113jis, ka \u0161\u0101da r\u012bc\u012bba nepiecie\u0161ama, lai nov\u0113rstu jebk\u0101das baumas un spekul\u0101cijas, k\u0101 ar\u012b lai veiktu Ukrainas prezidenta kancelejas \u201cp\u0101rstart\u0113\u0161anu\u201d.<\/p>\n<p>Skand\u0101la atska\u0146as un Jermaka karjera<\/p>\n<p>Krat\u012b\u0161ana Jermaka m\u0101jokl\u012b un darba viet\u0101 notika saist\u012bb\u0101 ar pla\u0161u korupcijas skand\u0101lu, kas satricin\u0101jis Ukrainu. Lai gan publiski nav sniegti pier\u0101d\u012bjumi par Jermaka tie\u0161u l\u012bdzdal\u012bbu korupt\u012bv\u0101s darb\u012bb\u0101s, vi\u0146a v\u0101rds tika min\u0113ts saist\u012bb\u0101 ar \u0161o lietu. \u0160is notikums Ukrainas politik\u0101 un sabiedr\u012bb\u0101 izrais\u012bjis pla\u0161as diskusijas, daudziem aicinot ne tikai uz ministru, bet ar\u012b uz Jermaka demisiju. Jermaks, kur\u0161 juridisko izgl\u012bt\u012bbu ieguvis Kijivas Tarasa \u0160ev\u010denko Universit\u0101t\u0113 un str\u0101d\u0101jis k\u0101 filmu producents, k\u013cuvis par vienu no tuv\u0101kajiem prezidenta Volodimira Zelenska padomniekiem. Vi\u0146\u0161 ie\u0146\u0113ma Ukrainas prezidenta biroja vad\u012bt\u0101ja amatu kop\u0161 2020. gada 11. febru\u0101ra, un vi\u0146a ietekme ukrai\u0146u politikas un \u0101rpolitikas veido\u0161an\u0101 bija iev\u0113rojama. Jermaks bie\u017ei vad\u012bjis Ukrainas deleg\u0101cijas sarun\u0101s ar starptautiskajiem partneriem, tostarp ar ASV un Eiropas Savien\u012bbas p\u0101rst\u0101vjiem, cen\u0161oties aizst\u0101v\u0113t Ukrainas nost\u0101ju sare\u017e\u0123\u012btaj\u0101s sarun\u0101s par miera pl\u0101nu. Vi\u0146\u0161 tika uzskat\u012bts par vienu no ietekm\u012bg\u0101kajiem cilv\u0113kiem Ukrainas vad\u012bb\u0101, un vi\u0146a promb\u016btne var\u0113tu rad\u012bt j\u016btamas sekas sarunu proces\u0101.<\/p>\n<p>Prezidenta nost\u0101ja un turpm\u0101kie so\u013ci<\/p>\n<p>Zelenskis publiski izteicis pateic\u012bbu Jermakam par vi\u0146a darbu, \u012bpa\u0161i uzsverot vi\u0146a patriotisko nost\u0101ju sarunu proces\u0101. \u201cEsmu pateic\u012bgs Andrijam par to, ka sarun\u0101s vi\u0146\u0161 vienm\u0113r Ukrainas nost\u0101ju pasniedza tie\u0161i t\u0101du, k\u0101dai tai j\u0101b\u016bt. T\u0101 vienm\u0113r ir bijusi patriotiska nost\u0101ja,\u201d sac\u012bjis prezidents. Vienlaikus Zelenskis paudis v\u0113lmi izvair\u012bties no jebk\u0101d\u0101m \u201cbaum\u0101m un spekul\u0101cij\u0101m\u201d, kas var\u0113tu aiz\u0113not Ukrainas aizst\u0101v\u012bbas centienus. Lai nodro\u0161in\u0101tu netrauc\u0113tu darbu un nov\u0113rstu jebk\u0101dus \u0161\u0137\u0113r\u0161\u013cus, tika pie\u0146emts l\u0113mums par kancelejas \u201cp\u0101rstart\u0113\u0161anu\u201d.<\/p>\n<blockquote><p>\u201cMums nav ties\u012bbu atk\u0101pties vai str\u012bd\u0113ties sav\u0101 starp\u0101. Ja zaud\u0113sim vienot\u012bbu, risk\u0113jam zaud\u0113t visu \u2013 sevi, Ukrainu, m\u016bsu n\u0101kotni,\u201d uzsv\u0113ris Zelenskis, aicinot tautu saglab\u0101t vienot\u012bbu \u0161aj\u0101 sare\u017e\u0123\u012btaj\u0101 laik\u0101.<\/p><\/blockquote>\n<p>Zelenskis pl\u0101no sestdien konsult\u0113ties ar potenci\u0101lajiem kandid\u0101tiem uz jauno prezidenta biroja vad\u012bt\u0101ja amatu. Jermaka v\u0101rds ar\u012b nebija min\u0113ts starp tiem ofici\u0101lajiem p\u0101rst\u0101vjiem, kuri pl\u0101noju\u0161i piedal\u012bties turpm\u0101kaj\u0101s sarun\u0101s ar ASV par miera pl\u0101nu. Vi\u0146a viet\u0101 Ukrainas deleg\u0101cij\u0101 var\u0113tu iek\u013cauties Ukrainas Nacion\u0101l\u0101s dro\u0161\u012bbas un aizsardz\u012bbas padomes sekret\u0101rs Rustems Umerovs un \u0101rlietu ministra pirmais vietnieks Serhijs Kis\u013cica. Lai gan Jermaks ir piln\u012bb\u0101 sadarbojies ar izmekl\u0113t\u0101jiem un pret vi\u0146u nav izvirz\u012btas aps\u016bdz\u012bbas, vi\u0146a atk\u0101p\u0161an\u0101s ir noz\u012bm\u012bgs pav\u0113rsiens Ukrainas politiskaj\u0101 ain\u0101, \u012bpa\u0161i laik\u0101, kad valsts ir atkar\u012bga no starptautisk\u0101 atbalsta.<\/p>\n<p>N\u0101kotnes perspekt\u012bvas un sabiedr\u012bbas reakcija<\/p>\n<p>P\u0113c aizie\u0161anas no amata Jermaks ir izteicis gatav\u012bbu doties uz frontes l\u012bniju, lai pier\u0101d\u012btu savu god\u012bgumu un patriotismu. Vi\u0146\u0161 nor\u0101d\u012bjis, ka j\u016btas \u201capkaunots\u201d un ka vi\u0146a \u201cgods nav aizsarg\u0101ts\u201d, un ka vi\u0146\u0161 nev\u0113las rad\u012bt probl\u0113mas prezidentam Zelenskim. Sabiedr\u012bbas reakcija uz Jermaka atk\u0101p\u0161anos ir dal\u012bta. Da\u017ei uzskata, ka \u0161\u012b ir \u201clikumsakar\u012bga r\u012bc\u012bba\u201d, pau\u017eot neuztic\u012bbu un nor\u0101dot uz korupcijas probl\u0113m\u0101m valst\u012b visos l\u012bme\u0146os. Cits viedoklis pau\u017e, ka, lai gan \u201ct\u012br\u012b\u0161ana\u201d ir nepiecie\u0161ama, ir gr\u016bti atrast pietiekami efekt\u012bvus un profesion\u0101lus vad\u012bt\u0101jus Ukrain\u0101 \u0161obr\u012bd. Neatkar\u012bgi no individu\u0101lajiem viedok\u013ciem, Jermaka aizie\u0161ana no amata rada jaut\u0101jumus par Ukrainas politisk\u0101s vad\u012bbas stabilit\u0101ti un turpm\u0101ko virz\u012bbu, \u012bpa\u0161i \u0146emot v\u0113r\u0101 valsts pa\u0161reiz\u0113jo sare\u017e\u0123\u012bto situ\u0101ciju un nepiecie\u0161am\u012bbu stiprin\u0101t starptautisko partneru uztic\u012bbu.<\/p>\n","protected":false},"excerpt":{"rendered":"Jermaks atk\u0101pies no Zelenska kancelejas vad\u012bt\u0101ja amata vid\u016b korupcijas skand\u0101la Ukrainas prezidenta kancelejas vad\u012bt\u0101js Andrijs Jermaks piektdien, 28.&hellip;\n","protected":false},"author":2,"featured_media":63720,"comment_status":"","ping_status":"","sticky":false,"template":"","format":"standard","meta":{"footnotes":""},"categories":[14],"tags":[23,16004,57,28,29,32,33,22,16706,30,31,35,39,38,36,37,34,40,20,4132,26,27,24,25,16705,178,54,55,56,21,58],"class_list":{"0":"post-63719","1":"post","2":"type-post","3":"status-publish","4":"format-standard","5":"has-post-thumbnail","7":"category-zinas-no-arvalstim","8":"tag-aktualitates","9":"tag-andrijs-jermaks","10":"tag-arvalstim","11":"tag-breaking-news","12":"tag-breakingnews","13":"tag-featured-news","14":"tag-featurednews","15":"tag-headlines","16":"tag-korupcija-ukraina","17":"tag-latest-news","18":"tag-latestnews","19":"tag-latvia","20":"tag-latvian","21":"tag-latviesu","22":"tag-latviesu-valoda","23":"tag-latviesuvaloda","24":"tag-latvija","25":"tag-lv","26":"tag-news","27":"tag-politiska-krize","28":"tag-popularakas-zinas","29":"tag-popularakaszinas","30":"tag-top-stories","31":"tag-topstories","32":"tag-ukrainas-prezidenta-kanceleja","33":"tag-volodimirs-zelenskis","34":"tag-world","35":"tag-world-news","36":"tag-worldnews","37":"tag-zinas","38":"tag-zinas-no-arvalstim"},"share_on_mastodon":{"url":"","error":"Validation failed: Text character limit of 500 exceeded"},"_links":{"self":[{"href":"https:\/\/www.europesays.com\/lv\/wp-json\/wp\/v2\/posts\/63719","targetHints":{"allow":["GET"]}}],"collection":[{"href":"https:\/\/www.europesays.com\/lv\/wp-json\/wp\/v2\/posts"}],"about":[{"href":"https:\/\/www.europesays.com\/lv\/wp-json\/wp\/v2\/types\/post"}],"author":[{"embeddable":true,"href":"https:\/\/www.europesays.com\/lv\/wp-json\/wp\/v2\/users\/2"}],"replies":[{"embeddable":true,"href":"https:\/\/www.europesays.com\/lv\/wp-json\/wp\/v2\/comments?post=63719"}],"version-history":[{"count":0,"href":"https:\/\/www.europesays.com\/lv\/wp-json\/wp\/v2\/posts\/63719\/revisions"}],"wp:featuredmedia":[{"embeddable":true,"href":"https:\/\/www.europesays.com\/lv\/wp-json\/wp\/v2\/media\/63720"}],"wp:attachment":[{"href":"https:\/\/www.europesays.com\/lv\/wp-json\/wp\/v2\/media?parent=63719"}],"wp:term":[{"taxonomy":"category","embeddable":true,"href":"https:\/\/www.europesays.com\/lv\/wp-json\/wp\/v2\/categories?post=63719"},{"taxonomy":"post_tag","embeddable":true,"href":"https:\/\/www.europesays.com\/lv\/wp-json\/wp\/v2\/tags?post=63719"}],"curies":[{"name":"wp","href":"https:\/\/api.w.org\/{rel}","templated":true}]}}