{"id":63732,"date":"2025-12-02T11:02:08","date_gmt":"2025-12-02T11:02:08","guid":{"rendered":"https:\/\/www.europesays.com\/lv\/63732\/"},"modified":"2025-12-02T11:02:08","modified_gmt":"2025-12-02T11:02:08","slug":"papildinas-direktivu-par-aizsardzibu-pret-kancerogenu-un-mutagenu-iedarbibu-darba","status":"publish","type":"post","link":"https:\/\/www.europesays.com\/lv\/63732\/","title":{"rendered":"Papildin\u0101s direkt\u012bvu par aizsardz\u012bbu pret kancerog\u0113nu un mutag\u0113nu iedarb\u012bbu darb\u0101"},"content":{"rendered":"<p>Direkt\u012bvu pl\u0101nots papildin\u0101t, nosakot jaunas arodekspoz\u012bcijas robe\u017ev\u0113rt\u012bbas un iek\u013caujot sarakst\u0101 metin\u0101\u0161anas izgarojumus.<\/p>\n<p>Vienlaikus vieno\u0161an\u0101s pan\u0101kta ar\u012b par groz\u012bjumiem regul\u0101 par Eiropas Globaliz\u0101cijas piel\u0101go\u0161an\u0101s fondu, lai to vienk\u0101r\u0161otu un sniegtu atbalstu darbinieku p\u0101rkvalifik\u0101cijai uz\u0146\u0113mumu restrukturiz\u0101cijas gad\u012bjumos.<\/p>\n<p>Par abiem priek\u0161likumiem v\u0113l turpin\u0101sies sarunas ar Eiropas Parlamentu.<\/p>\n<p>Papildus san\u0101ksmes laik\u0101 ministri diskut\u0113ju\u0161i par regul\u0113juma vienk\u0101r\u0161o\u0161anu un administrat\u012bv\u0101 sloga mazin\u0101\u0161anu. D\u0101nijas prezident\u016bra \u0161\u0101das diskusijas organiz\u0113 ar\u012b citu nozaru ministru san\u0101ksm\u0113s, skaidro LM.<\/p>\n<p>San\u0101ksm\u0113 p\u0101rst\u0101vot Latviju, labkl\u0101j\u012bbas ministrs Reinis Uzulnieks (ZZS) uzsv\u0113ris, ka ES ties\u012bbu aktu sare\u017e\u0123\u012bt\u012bbas mazin\u0101\u0161ana, k\u0101 ar\u012b skaidr\u012bba un proporcionalit\u0101te ir b\u016btisks faktors ties\u012bbu aktu veiksm\u012bg\u0101 ievie\u0161an\u0101 un iedz\u012bvin\u0101\u0161an\u0101 praks\u0113.<\/p>\n<p>&#8220;Ir svar\u012bgi, ka katrai jaunai iniciat\u012bvai nodarbin\u0101t\u012bbas un soci\u0101l\u0101s politikas jom\u0101 tiek veikts r\u016bp\u012bgs un vispus\u012bgs ietekmes nov\u0113rt\u0113jums, lai nov\u0113rstu nesam\u0113r\u012bgu slogu uz\u0146\u0113m\u0113jiem un dal\u012bbvalst\u012bm, k\u0101 ar\u012b nodro\u0161in\u0101tu izmaksu efektivit\u0101ti,&#8221; paudis Uzulnieks.<\/p>\n<p>Ministru padomes laik\u0101 tika izskat\u012bti ar\u012b Prezident\u016bras sagatavotie secin\u0101jumi par Eiropas Komisijas pl\u0101noto Eiropas Pieejamu m\u0101jok\u013cu pl\u0101nu, kas ir k\u0101 &#8220;atbilde uz l\u012bdz\u012bgiem izaicin\u0101jumiem dal\u012bbvalst\u012bs saist\u012bb\u0101 ar m\u0101jok\u013cu pieejam\u012bbu&#8221;.<\/p>\n<p>K\u0101 nor\u0101da ministrs, Latvij\u0101 m\u0101jok\u013cu pieejam\u012bba un to kvalit\u0101te ir b\u016btiska ar\u012b demogr\u0101fisko izaicin\u0101jumu risin\u0101\u0161an\u0101.<\/p>\n<p>Jau v\u0113st\u012bts, ka Brisel\u0113 1. un 2. decembr\u012b notiek EPSCO san\u0101ksme, kur\u0101 dal\u012bbvalstis pl\u0101noju\u0161as vienoties par kritiski svar\u012bgo z\u0101\u013cu pieejam\u012bbas regul\u0113jumu, k\u0101 ar\u012b p\u0101rrun\u0101t darba \u0146\u0113m\u0113ju aizsardz\u012bbu, soci\u0101l\u0101s politikas koordin\u0101ciju un m\u0101jok\u013cu pieejam\u012bbas jaut\u0101jumus.<\/p>\n<p>San\u0101ksm\u0113 Latviju p\u0101rst\u0101v gan LM deleg\u0101cija, gan Vesel\u012bbas ministrijas deleg\u0101cija.<\/p>\n","protected":false},"excerpt":{"rendered":"Direkt\u012bvu pl\u0101nots papildin\u0101t, nosakot jaunas arodekspoz\u012bcijas robe\u017ev\u0113rt\u012bbas un iek\u013caujot sarakst\u0101 metin\u0101\u0161anas izgarojumus. Vienlaikus vieno\u0161an\u0101s pan\u0101kta ar\u012b par groz\u012bjumiem&hellip;\n","protected":false},"author":2,"featured_media":63733,"comment_status":"","ping_status":"","sticky":false,"template":"","format":"standard","meta":{"footnotes":""},"categories":[14],"tags":[23,57,28,29,10968,32,33,22,1663,30,31,35,39,38,36,37,34,40,20,26,27,24,25,54,55,56,21,58],"class_list":{"0":"post-63732","1":"post","2":"type-post","3":"status-publish","4":"format-standard","5":"has-post-thumbnail","7":"category-zinas-no-arvalstim","8":"tag-aktualitates","9":"tag-arvalstim","10":"tag-breaking-news","11":"tag-breakingnews","12":"tag-darba-drosiba","13":"tag-featured-news","14":"tag-featurednews","15":"tag-headlines","16":"tag-labklajibas-ministrija","17":"tag-latest-news","18":"tag-latestnews","19":"tag-latvia","20":"tag-latvian","21":"tag-latviesu","22":"tag-latviesu-valoda","23":"tag-latviesuvaloda","24":"tag-latvija","25":"tag-lv","26":"tag-news","27":"tag-popularakas-zinas","28":"tag-popularakaszinas","29":"tag-top-stories","30":"tag-topstories","31":"tag-world","32":"tag-world-news","33":"tag-worldnews","34":"tag-zinas","35":"tag-zinas-no-arvalstim"},"share_on_mastodon":{"url":"https:\/\/pubeurope.com\/@lv\/115649639015203596","error":""},"_links":{"self":[{"href":"https:\/\/www.europesays.com\/lv\/wp-json\/wp\/v2\/posts\/63732","targetHints":{"allow":["GET"]}}],"collection":[{"href":"https:\/\/www.europesays.com\/lv\/wp-json\/wp\/v2\/posts"}],"about":[{"href":"https:\/\/www.europesays.com\/lv\/wp-json\/wp\/v2\/types\/post"}],"author":[{"embeddable":true,"href":"https:\/\/www.europesays.com\/lv\/wp-json\/wp\/v2\/users\/2"}],"replies":[{"embeddable":true,"href":"https:\/\/www.europesays.com\/lv\/wp-json\/wp\/v2\/comments?post=63732"}],"version-history":[{"count":0,"href":"https:\/\/www.europesays.com\/lv\/wp-json\/wp\/v2\/posts\/63732\/revisions"}],"wp:featuredmedia":[{"embeddable":true,"href":"https:\/\/www.europesays.com\/lv\/wp-json\/wp\/v2\/media\/63733"}],"wp:attachment":[{"href":"https:\/\/www.europesays.com\/lv\/wp-json\/wp\/v2\/media?parent=63732"}],"wp:term":[{"taxonomy":"category","embeddable":true,"href":"https:\/\/www.europesays.com\/lv\/wp-json\/wp\/v2\/categories?post=63732"},{"taxonomy":"post_tag","embeddable":true,"href":"https:\/\/www.europesays.com\/lv\/wp-json\/wp\/v2\/tags?post=63732"}],"curies":[{"name":"wp","href":"https:\/\/api.w.org\/{rel}","templated":true}]}}