{"id":63740,"date":"2025-12-02T11:14:07","date_gmt":"2025-12-02T11:14:07","guid":{"rendered":"https:\/\/www.europesays.com\/lv\/63740\/"},"modified":"2025-12-02T11:14:07","modified_gmt":"2025-12-02T11:14:07","slug":"melnaja-jura-noticis-uzbrukums-vel-vienam-krievijas-tankkugim","status":"publish","type":"post","link":"https:\/\/www.europesays.com\/lv\/63740\/","title":{"rendered":"Melnaj\u0101 j\u016br\u0101 noticis uzbrukums v\u0113l vienam Krievijas tankku\u0123im"},"content":{"rendered":"<p>Ku\u0123im &#8220;MIDVOLGA-2&#8221; uzbruka aptuveni 130 kilometrus no Turcijas piekrastes. Neviens no 13 ku\u0123a apkalpes locek\u013ciem nav cietis, un ku\u0123is nav l\u016bdzis pal\u012bdz\u012bbu, zi\u0146o Turcijas J\u016bras lietu \u0123ener\u0101ldirektor\u0101ts. Ku\u0123is bija ce\u013c\u0101 uz Turcijas ostu Sinopu.<\/p>\n<p>Jau zi\u0146ots, ka piektdien Ukrainas j\u016bras droni uzbruka diviem Krievijas &#8220;\u0113nu flotes&#8221; tankku\u0123iem &#8220;Kairos&#8221; un &#8220;Virat&#8221; Melnaj\u0101 j\u016br\u0101.<\/p>\n<p>Turcijas prezidents Red\u017eeps Tajips Erdogans pirmdien kritiz\u0113ja Ukrainas dronu uzbrukumus min\u0113tajiem ku\u0123iem, pazi\u0146ojot, ka tie liecina par satrauco\u0161u konflikta eskal\u0101ciju.<\/p>\n<p>&#8220;M\u0113s nevaram samierin\u0101ties ar \u0161iem uzbrukumiem, kas apdraud ku\u0123o\u0161anas dro\u0161\u012bbu, dz\u012bv\u012bbu un vidi, \u012bpa\u0161i m\u016bsu ekskluz\u012bvaj\u0101 zon\u0101,&#8221; uzrun\u0101 telev\u012bzij\u0101 pazi\u0146oja Erdogans. &#8220;M\u0113s izsak\u0101m nepiecie\u0161amos br\u012bdin\u0101jumus vis\u0101m pus\u0113m par \u0161\u0101d\u0101m situ\u0101cij\u0101m,&#8221; vi\u0146\u0161 piebilda.<\/p>\n<p>Piektdien uzbrukumi Krievijas &#8220;\u0113nu flotes&#8221; tankku\u0123iem notika Turcijas ekskluz\u012bvaj\u0101 ekonomiskaj\u0101 zon\u0101. Ku\u0123u apkalpe uzbrukumos necieta.<\/p>\n<p>Datub\u0101z\u0113 &#8220;OpenSanctions&#8221;, kur apkopota inform\u0101cija par sankciju apie\u0161an\u0101 iesaist\u012bt\u0101m person\u0101m vai organiz\u0101cij\u0101m, &#8220;Kairos&#8221; un &#8220;Virat&#8221; identific\u0113ti k\u0101 &#8220;\u0113nu flotes&#8221; sast\u0101vda\u013ca, kas tiek izmantota, lai apietu sankcijas, ko Krievijai noteica p\u0113c 2022. gada atk\u0101rtot\u0101 iebrukuma Ukrain\u0101.<\/p>\n<p><a href=\"https:\/\/www.tvnet.lv\/term\/8497\/ukraina\" class=\"topicLink\" target=\"_blank\" rel=\"nofollow noopener\">Ukraina<\/a> ar\u012b agr\u0101k ir veiksm\u012bgi \u012bstenojusi triecienus Krievijas ku\u0123iem, ta\u010du \u0161\u012bs misijas iepriek\u0161 liel\u0101koties aprobe\u017eoj\u0101s ar Meln\u0101s j\u016bras zieme\u013ciem.<\/p>\n","protected":false},"excerpt":{"rendered":"Ku\u0123im &#8220;MIDVOLGA-2&#8221; uzbruka aptuveni 130 kilometrus no Turcijas piekrastes. Neviens no 13 ku\u0123a apkalpes locek\u013ciem nav cietis, un&hellip;\n","protected":false},"author":2,"featured_media":63741,"comment_status":"","ping_status":"","sticky":false,"template":"","format":"standard","meta":{"footnotes":""},"categories":[14],"tags":[23,57,28,29,32,33,3507,22,234,74,30,31,35,39,38,36,37,34,40,16127,20,26,27,24,25,2380,276,54,55,56,21,58],"class_list":{"0":"post-63740","1":"post","2":"type-post","3":"status-publish","4":"format-standard","5":"has-post-thumbnail","7":"category-zinas-no-arvalstim","8":"tag-aktualitates","9":"tag-arvalstim","10":"tag-breaking-news","11":"tag-breakingnews","12":"tag-featured-news","13":"tag-featurednews","14":"tag-gruzija","15":"tag-headlines","16":"tag-krievija","17":"tag-krievijas-iebrukums-ukraina","18":"tag-latest-news","19":"tag-latestnews","20":"tag-latvia","21":"tag-latvian","22":"tag-latviesu","23":"tag-latviesu-valoda","24":"tag-latviesuvaloda","25":"tag-latvija","26":"tag-lv","27":"tag-melna-jura","28":"tag-news","29":"tag-popularakas-zinas","30":"tag-popularakaszinas","31":"tag-top-stories","32":"tag-topstories","33":"tag-turcija","34":"tag-ukraina","35":"tag-world","36":"tag-world-news","37":"tag-worldnews","38":"tag-zinas","39":"tag-zinas-no-arvalstim"},"share_on_mastodon":{"url":"https:\/\/pubeurope.com\/@lv\/115649686008414306","error":""},"_links":{"self":[{"href":"https:\/\/www.europesays.com\/lv\/wp-json\/wp\/v2\/posts\/63740","targetHints":{"allow":["GET"]}}],"collection":[{"href":"https:\/\/www.europesays.com\/lv\/wp-json\/wp\/v2\/posts"}],"about":[{"href":"https:\/\/www.europesays.com\/lv\/wp-json\/wp\/v2\/types\/post"}],"author":[{"embeddable":true,"href":"https:\/\/www.europesays.com\/lv\/wp-json\/wp\/v2\/users\/2"}],"replies":[{"embeddable":true,"href":"https:\/\/www.europesays.com\/lv\/wp-json\/wp\/v2\/comments?post=63740"}],"version-history":[{"count":0,"href":"https:\/\/www.europesays.com\/lv\/wp-json\/wp\/v2\/posts\/63740\/revisions"}],"wp:featuredmedia":[{"embeddable":true,"href":"https:\/\/www.europesays.com\/lv\/wp-json\/wp\/v2\/media\/63741"}],"wp:attachment":[{"href":"https:\/\/www.europesays.com\/lv\/wp-json\/wp\/v2\/media?parent=63740"}],"wp:term":[{"taxonomy":"category","embeddable":true,"href":"https:\/\/www.europesays.com\/lv\/wp-json\/wp\/v2\/categories?post=63740"},{"taxonomy":"post_tag","embeddable":true,"href":"https:\/\/www.europesays.com\/lv\/wp-json\/wp\/v2\/tags?post=63740"}],"curies":[{"name":"wp","href":"https:\/\/api.w.org\/{rel}","templated":true}]}}