{"id":63768,"date":"2025-12-02T12:08:38","date_gmt":"2025-12-02T12:08:38","guid":{"rendered":"https:\/\/www.europesays.com\/lv\/63768\/"},"modified":"2025-12-02T12:08:38","modified_gmt":"2025-12-02T12:08:38","slug":"asv-neuzskata-ka-rubio-japiedalas-nato-arlietu-ministru-sanaksme","status":"publish","type":"post","link":"https:\/\/www.europesays.com\/lv\/63768\/","title":{"rendered":"ASV neuzskata, ka Rubio j\u0101piedal\u0101s NATO \u0101rlietu ministru san\u0101ksm\u0113"},"content":{"rendered":"<p>&#8220;Valsts sekret\u0101rs Rubio jau ir apmekl\u0113jis desmitiem tik\u0161anos ar <a href=\"https:\/\/www.apollo.lv\/term\/9898\/nato\" class=\"topicLink\" target=\"_blank\" rel=\"nofollow noopener\">NATO<\/a> sabiedrotajiem, un b\u016btu piln\u012bgi nepraktiski sagaid\u012bt vi\u0146u katr\u0101 san\u0101ksm\u0113,&#8221; pirmdien zi\u0146u a\u0123ent\u016brai DPA pav\u0113st\u012bja <a href=\"https:\/\/www.apollo.lv\/term\/555410\/asv\" class=\"topicLink\" target=\"_blank\" rel=\"nofollow noopener\">ASV<\/a> Valsts departamenta preses p\u0101rst\u0101vis.<\/p>\n<p>Rubio viet\u0101 NATO dal\u012bbvalstu \u0101rlietu ministru san\u0101ksm\u0113 tre\u0161dien Brisel\u0113 piedal\u012bsies ASV valsts sekret\u0101ra vietnieks Kristofers Landavs. Paredzams, ka san\u0101ksm\u0113 galven\u0101 uzman\u012bba tiks piev\u0113rsta turpm\u0101kajam atbalstam Ukrainai.<\/p>\n<p>ASV valsts sekret\u0101rs, kas izlai\u017e ofici\u0101las NATO san\u0101ksmes, nav ierasta par\u0101d\u012bba. &#8220;Es neatceros neko t\u0101du nesen\u0101 v\u0113stur\u0113,&#8221; platform\u0101 &#8220;X&#8221; nor\u0101d\u012bja bijus\u012b NATO p\u0101rst\u0101ve sakariem ar presi Oana Lungesku. Vi\u0146aspr\u0101t, Rubio neiera\u0161an\u0101s b\u016bs nepareizs sign\u0101ls, \u012bpa\u0161i laik\u0101, kad nepiecie\u0161ama cie\u0161\u0101ka koordin\u0101cija ar Eiropas sabiedrotajiem Ukrainas jaut\u0101jum\u0101.<\/p>\n<p>Iesp\u0113jams, ka ASV \u0161\u0101di r\u012bkojas, jo da\u013ca administr\u0101cijas uzskata NATO par \u0161\u0137\u0113rsli Trampa iniciat\u012bvai Krievijas uzs\u0101kt\u0101 kara izbeig\u0161anai.<\/p>\n<p>ASV ierosin\u0101taj\u0101 28 punktu pl\u0101n\u0101 bija iek\u013cauta sada\u013ca, kur\u0101 NATO aicin\u0101ta piln\u012bb\u0101 atteikties no jaunu dal\u012bbvalstu uz\u0146em\u0161anas. Taj\u0101 ASV raksturoja sevi ne tik daudz k\u0101 NATO dal\u012bbvalsti, bet k\u0101 \u0101r\u0113jo starpnieku, ierosinot ar ASV starpniec\u012bbu veidot dialogu starp Krieviju un NATO.<\/p>\n<p>Ietekm\u012bg\u0101k\u0101s Eiropas NATO dal\u012bbvalstis, tostarp V\u0101cija, Francija un It\u0101lija, kritiz\u0113ja \u0161os punktus. Atbildot uz to, ASV amatpersonas pazi\u0146oja, ka NATO jaut\u0101jumi tiks risin\u0101ti atsevi\u0161\u0137i ar sabiedrotajiem.<\/p>\n","protected":false},"excerpt":{"rendered":"&#8220;Valsts sekret\u0101rs Rubio jau ir apmekl\u0113jis desmitiem tik\u0161anos ar NATO sabiedrotajiem, un b\u016btu piln\u012bgi nepraktiski sagaid\u012bt vi\u0146u katr\u0101&hellip;\n","protected":false},"author":2,"featured_media":63769,"comment_status":"","ping_status":"","sticky":false,"template":"","format":"standard","meta":{"footnotes":""},"categories":[14],"tags":[23,57,292,28,29,32,33,22,30,31,35,39,38,36,37,34,40,2093,71,20,26,27,24,25,54,55,56,21,58],"class_list":{"0":"post-63768","1":"post","2":"type-post","3":"status-publish","4":"format-standard","5":"has-post-thumbnail","7":"category-zinas-no-arvalstim","8":"tag-aktualitates","9":"tag-arvalstim","10":"tag-asv","11":"tag-breaking-news","12":"tag-breakingnews","13":"tag-featured-news","14":"tag-featurednews","15":"tag-headlines","16":"tag-latest-news","17":"tag-latestnews","18":"tag-latvia","19":"tag-latvian","20":"tag-latviesu","21":"tag-latviesu-valoda","22":"tag-latviesuvaloda","23":"tag-latvija","24":"tag-lv","25":"tag-marko-rubio","26":"tag-nato","27":"tag-news","28":"tag-popularakas-zinas","29":"tag-popularakaszinas","30":"tag-top-stories","31":"tag-topstories","32":"tag-world","33":"tag-world-news","34":"tag-worldnews","35":"tag-zinas","36":"tag-zinas-no-arvalstim"},"share_on_mastodon":{"url":"https:\/\/pubeurope.com\/@lv\/115649898366425650","error":""},"_links":{"self":[{"href":"https:\/\/www.europesays.com\/lv\/wp-json\/wp\/v2\/posts\/63768","targetHints":{"allow":["GET"]}}],"collection":[{"href":"https:\/\/www.europesays.com\/lv\/wp-json\/wp\/v2\/posts"}],"about":[{"href":"https:\/\/www.europesays.com\/lv\/wp-json\/wp\/v2\/types\/post"}],"author":[{"embeddable":true,"href":"https:\/\/www.europesays.com\/lv\/wp-json\/wp\/v2\/users\/2"}],"replies":[{"embeddable":true,"href":"https:\/\/www.europesays.com\/lv\/wp-json\/wp\/v2\/comments?post=63768"}],"version-history":[{"count":0,"href":"https:\/\/www.europesays.com\/lv\/wp-json\/wp\/v2\/posts\/63768\/revisions"}],"wp:featuredmedia":[{"embeddable":true,"href":"https:\/\/www.europesays.com\/lv\/wp-json\/wp\/v2\/media\/63769"}],"wp:attachment":[{"href":"https:\/\/www.europesays.com\/lv\/wp-json\/wp\/v2\/media?parent=63768"}],"wp:term":[{"taxonomy":"category","embeddable":true,"href":"https:\/\/www.europesays.com\/lv\/wp-json\/wp\/v2\/categories?post=63768"},{"taxonomy":"post_tag","embeddable":true,"href":"https:\/\/www.europesays.com\/lv\/wp-json\/wp\/v2\/tags?post=63768"}],"curies":[{"name":"wp","href":"https:\/\/api.w.org\/{rel}","templated":true}]}}