{"id":6383,"date":"2025-09-27T15:36:10","date_gmt":"2025-09-27T15:36:10","guid":{"rendered":"https:\/\/www.europesays.com\/lv\/6383\/"},"modified":"2025-09-27T15:36:10","modified_gmt":"2025-09-27T15:36:10","slug":"zakumuizas-apkartne-notiks-zemessargu-taktiskas-meistaribas-macibas-lente-lv","status":"publish","type":"post","link":"https:\/\/www.europesays.com\/lv\/6383\/","title":{"rendered":"Za\u0137umui\u017eas apk\u0101rtn\u0113 notiks zemessargu taktisk\u0101s meistar\u012bbas m\u0101c\u012bbas\u00a0\u2014\u00a0Lente.lv"},"content":{"rendered":"<p>Milit\u0101r\u0101s m\u0101c\u012bbas Za\u0137umui\u017eas apk\u0101rtn\u0113 stiprin\u0101s zemessargu prasmes<\/p>\n<p>Sv\u0113tdien, 28. septembr\u012b, Ropa\u017eu novada Za\u0137umui\u017eas apkaim\u0113 norisin\u0101sies noz\u012bm\u012bgas Zemessardzes milit\u0101r\u0101s m\u0101c\u012bbas. \u0160is pas\u0101kums, ko r\u012bko Zemessardzes 1. R\u012bgas brig\u0101des 19. kaujas nodro\u0161in\u0101juma bataljons, ir velt\u012bts zemessargu un karav\u012bru taktisk\u0101s meistar\u012bbas pilnveido\u0161anai, \u012bpa\u0161i uzsverot darb\u012bbas gatav\u012bbu \u0101rpus ierastaj\u0101m dienesta teritorij\u0101m. \u0160\u0101das apm\u0101c\u012bbas ir k\u0101 dz\u012bv\u012bbas eliks\u012brs, kas uztur kaujas sp\u0113jas augst\u0101 l\u012bmen\u012b un nodro\u0161ina sp\u0113ju rea\u0123\u0113t negaid\u012bt\u0101s situ\u0101cij\u0101s.<\/p>\n<p>M\u0101c\u012bbu galvenais m\u0113r\u0137is ir ne vien nostiprin\u0101t eso\u0161\u0101s iema\u0146as, bet ar\u012b att\u012bst\u012bt jaunas prasmes, kas nepiecie\u0161amas m\u016bsdienu main\u012bgaj\u0101 dro\u0161\u012bbas vid\u0113. Zemessardzes 19. kaujas nodro\u0161in\u0101juma bataljons sp\u0113l\u0113 vit\u0101lu lomu Latvijas aizsardz\u012bb\u0101, nodro\u0161inot ne tikai teritorijas dro\u0161\u012bbu kr\u012bzes un kara gad\u012bjumos, bet ar\u012b sniedzot b\u016btisku atbalstu civilaj\u0101m instit\u016bcij\u0101m, piem\u0113ram, Valsts policijai, k\u0101 ar\u012b iesaistoties dabas katastrofu seku likvid\u0113\u0161an\u0101. \u0160\u012bs m\u0101c\u012bbas ir k\u0101 r\u016bd\u012bjums, kas sagatavo karav\u012brus da\u017e\u0101diem izaicin\u0101jumiem, ko sniedz gan milit\u0101ri, gan civili uzdevumi.<\/p>\n<p>Iedz\u012bvot\u0101jiem tiek l\u016bgts ar izpratni iztur\u0113ties pret iesp\u0113jamo milit\u0101r\u0101 transporta kust\u012bbu apvid\u016b, apliecinot, ka m\u0101c\u012bbu norises vietas p\u0113c pas\u0101kuma tiks r\u016bp\u012bgi sakoptas. \u0160\u012bs iniciat\u012bvas apliecina Zemessardzes ap\u0146em\u0161anos ne tikai stiprin\u0101t valsts aizsardz\u012bbu, bet ar\u012b saglab\u0101t cie\u0146pilnu attieksmi pret vidi un sabiedr\u012bbu.<\/p>\n","protected":false},"excerpt":{"rendered":"Milit\u0101r\u0101s m\u0101c\u012bbas Za\u0137umui\u017eas apk\u0101rtn\u0113 stiprin\u0101s zemessargu prasmes Sv\u0113tdien, 28. septembr\u012b, Ropa\u017eu novada Za\u0137umui\u017eas apkaim\u0113 norisin\u0101sies noz\u012bm\u012bgas Zemessardzes milit\u0101r\u0101s&hellip;\n","protected":false},"author":2,"featured_media":6384,"comment_status":"","ping_status":"","sticky":false,"template":"","format":"standard","meta":{"footnotes":""},"categories":[5],"tags":[23,28,29,32,33,22,30,31,35,39,38,36,37,34,40,576,20,26,27,2812,2813,24,25,2811,2810,21],"class_list":{"0":"post-6383","1":"post","2":"type-post","3":"status-publish","4":"format-standard","5":"has-post-thumbnail","7":"category-aktualitates","8":"tag-aktualitates","9":"tag-breaking-news","10":"tag-breakingnews","11":"tag-featured-news","12":"tag-featurednews","13":"tag-headlines","14":"tag-latest-news","15":"tag-latestnews","16":"tag-latvia","17":"tag-latvian","18":"tag-latviesu","19":"tag-latviesu-valoda","20":"tag-latviesuvaloda","21":"tag-latvija","22":"tag-lv","23":"tag-militaras-macibas","24":"tag-news","25":"tag-popularakas-zinas","26":"tag-popularakaszinas","27":"tag-ropazu-novads","28":"tag-taktiskas-iemanas","29":"tag-top-stories","30":"tag-topstories","31":"tag-zakumuiza","32":"tag-zemessardze","33":"tag-zinas"},"share_on_mastodon":{"url":"","error":""},"_links":{"self":[{"href":"https:\/\/www.europesays.com\/lv\/wp-json\/wp\/v2\/posts\/6383","targetHints":{"allow":["GET"]}}],"collection":[{"href":"https:\/\/www.europesays.com\/lv\/wp-json\/wp\/v2\/posts"}],"about":[{"href":"https:\/\/www.europesays.com\/lv\/wp-json\/wp\/v2\/types\/post"}],"author":[{"embeddable":true,"href":"https:\/\/www.europesays.com\/lv\/wp-json\/wp\/v2\/users\/2"}],"replies":[{"embeddable":true,"href":"https:\/\/www.europesays.com\/lv\/wp-json\/wp\/v2\/comments?post=6383"}],"version-history":[{"count":0,"href":"https:\/\/www.europesays.com\/lv\/wp-json\/wp\/v2\/posts\/6383\/revisions"}],"wp:featuredmedia":[{"embeddable":true,"href":"https:\/\/www.europesays.com\/lv\/wp-json\/wp\/v2\/media\/6384"}],"wp:attachment":[{"href":"https:\/\/www.europesays.com\/lv\/wp-json\/wp\/v2\/media?parent=6383"}],"wp:term":[{"taxonomy":"category","embeddable":true,"href":"https:\/\/www.europesays.com\/lv\/wp-json\/wp\/v2\/categories?post=6383"},{"taxonomy":"post_tag","embeddable":true,"href":"https:\/\/www.europesays.com\/lv\/wp-json\/wp\/v2\/tags?post=6383"}],"curies":[{"name":"wp","href":"https:\/\/api.w.org\/{rel}","templated":true}]}}