{"id":63831,"date":"2025-12-02T13:12:13","date_gmt":"2025-12-02T13:12:13","guid":{"rendered":"https:\/\/www.europesays.com\/lv\/63831\/"},"modified":"2025-12-02T13:12:13","modified_gmt":"2025-12-02T13:12:13","slug":"pasreizejais-kalendars-nogalina-trenerus-basketbols-sportacentrs-com","status":"publish","type":"post","link":"https:\/\/www.europesays.com\/lv\/63831\/","title":{"rendered":"&#8220;Pa\u0161reiz\u0113jais kalend\u0101rs &#8220;nogalina&#8221; trenerus&#8221; \u2013 Basketbols \u2013 Sportacentrs.com"},"content":{"rendered":"<p>P\u0113d\u0113jo ned\u0113\u013cu laik\u0101 Eiropas basketbolu p\u0101r\u0161alca v\u0113stis par t\u0101du prominentu basketbola treneru k\u0101 Etores Mesinas un \u017de\u013cko Obradovi\u010da iesniegtajiem atl\u016bgumiem vi\u0146u p\u0101rst\u0101v\u0113taj\u0101m vien\u012bb\u0101m. Bani uzskata, ka \u0161obr\u012bd komandas, kas papildus viet\u0113jam \u010dempion\u0101tam start\u0113 ar\u012b Eirokausos, ir p\u0101r\u0101k liela slodze.<\/p>\n<p>&#8220;Man \u0161\u0137iet, ka \u0161aj\u0101 Eirol\u012bgas sezon\u0101 biju\u0161as jau piecas treneru nomai\u0146as. Manupr\u0101t, vair\u0101k vajadz\u0113tu run\u0101t par grafikiem un to, k\u0101 uztveram zaud\u0113jumus. Ja ar \u0161\u0101du grafiku m\u0113\u0123in\u0101m l\u012bdzin\u0101ties NBA, j\u0101pie\u0146em fakts, ka vienas sp\u0113les noz\u012bme mazin\u0101sies. Netic\u0113\u0161u, ja k\u0101ds teiks, ka v\u0113las uzvar\u0113t katr\u0101 sp\u0113l\u0113,&#8221; sac\u012bja Banki.<\/p>\n<p>It\u0101lie\u0161u speci\u0101lists ar\u012b nor\u0101d\u012bja, ka augsta l\u012bme\u0146a speci\u0101listiem savu sist\u0113mu ievie\u0161anai nepiecie\u0161ams laiks.<\/p>\n<p>&#8220;Treneriem nepiecie\u0161ams laiks, lai komand\u0101 atst\u0101tu savus nospiedumus. Vi\u0146iem vajag izveidot attiec\u012bbas, pavad\u012bt laiku z\u0101l\u0113 un soli pa solim att\u012bst\u012bt komandu. Pa\u0161reiz\u0113jais grafiks &#8220;nogalina&#8221; trenerus,&#8221; uzskata Banki.<\/p>\n<p>It\u0101lijas izlases st\u016brmanis ar\u012b Eiropas \u010dempion\u0101ta laik\u0101 kritiz\u0113ja FIBA par ieviesto saspringto sp\u0113\u013cu grafiku, kas, vi\u0146apr\u0101t, noveda pie vair\u0101k savainojumiem. Vi\u0146\u0161 pauda cer\u012bbu, ka Eiropas klubu basketbol\u0101 sp\u0113\u013cu bie\u017euma jaut\u0101jums main\u012bsies, jo \u0161obr\u012bd esot uz\u0146emts nepareizais kurss.<\/p>\n<p>&#8220;Esmu maza da\u013ca, mazs suns \u0161aj\u0101 basketbola pasaul\u0113, bet man \u0161is virziens nepat\u012bk. Manis teiktais ir ska\u013c\u0161, bet ceru, ka tas pal\u012bdz\u0113s cilv\u0113kiem saprast, ka mums j\u0101maina form\u0101ts, ja v\u0113lamies lab\u0101ku basketbolu. \u0160obr\u012bd Eiropas basketbols iet nepareizaj\u0101 virzien\u0101,&#8221; noteica Banki.<\/p>\n<p>Izmantotie resursi:<br \/><a target=\"_blank\" href=\"https:\/\/basketnews.com\/news-236007-banchi-on-resignations-of-messina-and-obradovic-such-a-schedule-kills-coaches.html\" rel=\"nofollow noopener\">https:\/\/basketnews.com\/news-236007-&#8230;<\/a><\/p>\n","protected":false},"excerpt":{"rendered":"P\u0113d\u0113jo ned\u0113\u013cu laik\u0101 Eiropas basketbolu p\u0101r\u0161alca v\u0113stis par t\u0101du prominentu basketbola treneru k\u0101 Etores Mesinas un \u017de\u013cko Obradovi\u010da&hellip;\n","protected":false},"author":2,"featured_media":63832,"comment_status":"","ping_status":"","sticky":false,"template":"","format":"standard","meta":{"footnotes":""},"categories":[17],"tags":[145,35,39,38,36,37,34,40,67],"class_list":{"0":"post-63831","1":"post","2":"type-post","3":"status-publish","4":"format-standard","5":"has-post-thumbnail","7":"category-sports","8":"tag-basketbols","9":"tag-latvia","10":"tag-latvian","11":"tag-latviesu","12":"tag-latviesu-valoda","13":"tag-latviesuvaloda","14":"tag-latvija","15":"tag-lv","16":"tag-sports"},"share_on_mastodon":{"url":"https:\/\/pubeurope.com\/@lv\/115650149918704300","error":""},"_links":{"self":[{"href":"https:\/\/www.europesays.com\/lv\/wp-json\/wp\/v2\/posts\/63831","targetHints":{"allow":["GET"]}}],"collection":[{"href":"https:\/\/www.europesays.com\/lv\/wp-json\/wp\/v2\/posts"}],"about":[{"href":"https:\/\/www.europesays.com\/lv\/wp-json\/wp\/v2\/types\/post"}],"author":[{"embeddable":true,"href":"https:\/\/www.europesays.com\/lv\/wp-json\/wp\/v2\/users\/2"}],"replies":[{"embeddable":true,"href":"https:\/\/www.europesays.com\/lv\/wp-json\/wp\/v2\/comments?post=63831"}],"version-history":[{"count":0,"href":"https:\/\/www.europesays.com\/lv\/wp-json\/wp\/v2\/posts\/63831\/revisions"}],"wp:featuredmedia":[{"embeddable":true,"href":"https:\/\/www.europesays.com\/lv\/wp-json\/wp\/v2\/media\/63832"}],"wp:attachment":[{"href":"https:\/\/www.europesays.com\/lv\/wp-json\/wp\/v2\/media?parent=63831"}],"wp:term":[{"taxonomy":"category","embeddable":true,"href":"https:\/\/www.europesays.com\/lv\/wp-json\/wp\/v2\/categories?post=63831"},{"taxonomy":"post_tag","embeddable":true,"href":"https:\/\/www.europesays.com\/lv\/wp-json\/wp\/v2\/tags?post=63831"}],"curies":[{"name":"wp","href":"https:\/\/api.w.org\/{rel}","templated":true}]}}