{"id":63840,"date":"2025-12-02T13:24:08","date_gmt":"2025-12-02T13:24:08","guid":{"rendered":"https:\/\/www.europesays.com\/lv\/63840\/"},"modified":"2025-12-02T13:24:08","modified_gmt":"2025-12-02T13:24:08","slug":"agresorvalstu-sportistiem-atlaus-startet-starptautiskajas-sleposanas-sacensibas","status":"publish","type":"post","link":"https:\/\/www.europesays.com\/lv\/63840\/","title":{"rendered":"Agresorvalstu sportistiem at\u013caus start\u0113t starptautiskaj\u0101s sl\u0113po\u0161anas sacens\u012bb\u0101s"},"content":{"rendered":"<p>Pamatojoties uz \u0161o l\u0113mumu, Krievijas un Baltkrievijas sportisti var\u0113s piedal\u012bties starptautisk\u0101s sl\u0113po\u0161anas sacens\u012bb\u0101s k\u0101 neitr\u0101lie atl\u0113ti, savuk\u0101rt parasportisti sacens\u012bb\u0101s dr\u012bkst\u0113s start\u0113t ar nacion\u0101lo simboliku.<\/p>\n<p>Starptautisk\u0101 Sl\u0113po\u0161anas un snovborda feder\u0101cija (FIS) oktobr\u012b l\u0113ma saglab\u0101t diskvalifik\u0101ciju Krievijas un Baltkrievijas sportistiem ar\u012b 2025.\/2026. gada sezon\u0101. \u0160is l\u0113mums paredz\u0113ja, ka agresorvalstu sportisti nevar\u0113s start\u0113t ar\u012b neitr\u0101lo atl\u0113tu status\u0101 n\u0101kam\u0101 gada olimpiskaj\u0101s un paralimpiskaj\u0101s sp\u0113l\u0113s.<\/p>\n<p>Novembr\u012b <a href=\"https:\/\/www.apollo.lv\/term\/555452\/krievija\" class=\"topicLink\" target=\"_blank\" rel=\"nofollow noopener\">Krievija<\/a> iesniedza apel\u0101ciju par se\u0161iem t\u0101s sportistiem un se\u0161iem parasportistiem, bet Baltkrievija &#8211; par pieciem t\u0101s sportistiem.<\/p>\n<p>Sl\u0113po\u0161anas discipl\u012bn\u0101s var kvalific\u0113ties tikai FIS sacens\u012bb\u0101s, bet krievu un baltkrievu sportistiem tas l\u012bdz \u0161im bija liegts.<\/p>\n<p>Starptautisk\u0101 Paralimpisk\u0101 komiteja (IPC) septembra beig\u0101s l\u0113ma atcelt Krievijas un Baltkrievijas sportistu da\u013c\u0113ju diskvalifik\u0101ciju, kas bija sp\u0113k\u0101 p\u0113c Krievijas iebrukuma Ukrain\u0101 2022. gad\u0101. L\u0113mums pav\u0113ra ce\u013cu Krievijas un Baltkrievijas sportistiem 2026. gada Mil\u0101nas un Kort\u012bnas paralimpiskaj\u0101s sp\u0113l\u0113s sacensties zem saviem karogiem.<\/p>\n","protected":false},"excerpt":{"rendered":"Pamatojoties uz \u0161o l\u0113mumu, Krievijas un Baltkrievijas sportisti var\u0113s piedal\u012bties starptautisk\u0101s sl\u0113po\u0161anas sacens\u012bb\u0101s k\u0101 neitr\u0101lie atl\u0113ti, savuk\u0101rt parasportisti&hellip;\n","protected":false},"author":2,"featured_media":63841,"comment_status":"","ping_status":"","sticky":false,"template":"","format":"standard","meta":{"footnotes":""},"categories":[17],"tags":[234,35,39,38,36,37,34,40,8095,67],"class_list":{"0":"post-63840","1":"post","2":"type-post","3":"status-publish","4":"format-standard","5":"has-post-thumbnail","7":"category-sports","8":"tag-krievija","9":"tag-latvia","10":"tag-latvian","11":"tag-latviesu","12":"tag-latviesu-valoda","13":"tag-latviesuvaloda","14":"tag-latvija","15":"tag-lv","16":"tag-sleposana","17":"tag-sports"},"share_on_mastodon":{"url":"https:\/\/pubeurope.com\/@lv\/115650197142988333","error":""},"_links":{"self":[{"href":"https:\/\/www.europesays.com\/lv\/wp-json\/wp\/v2\/posts\/63840","targetHints":{"allow":["GET"]}}],"collection":[{"href":"https:\/\/www.europesays.com\/lv\/wp-json\/wp\/v2\/posts"}],"about":[{"href":"https:\/\/www.europesays.com\/lv\/wp-json\/wp\/v2\/types\/post"}],"author":[{"embeddable":true,"href":"https:\/\/www.europesays.com\/lv\/wp-json\/wp\/v2\/users\/2"}],"replies":[{"embeddable":true,"href":"https:\/\/www.europesays.com\/lv\/wp-json\/wp\/v2\/comments?post=63840"}],"version-history":[{"count":0,"href":"https:\/\/www.europesays.com\/lv\/wp-json\/wp\/v2\/posts\/63840\/revisions"}],"wp:featuredmedia":[{"embeddable":true,"href":"https:\/\/www.europesays.com\/lv\/wp-json\/wp\/v2\/media\/63841"}],"wp:attachment":[{"href":"https:\/\/www.europesays.com\/lv\/wp-json\/wp\/v2\/media?parent=63840"}],"wp:term":[{"taxonomy":"category","embeddable":true,"href":"https:\/\/www.europesays.com\/lv\/wp-json\/wp\/v2\/categories?post=63840"},{"taxonomy":"post_tag","embeddable":true,"href":"https:\/\/www.europesays.com\/lv\/wp-json\/wp\/v2\/tags?post=63840"}],"curies":[{"name":"wp","href":"https:\/\/api.w.org\/{rel}","templated":true}]}}