{"id":63857,"date":"2025-12-02T13:49:08","date_gmt":"2025-12-02T13:49:08","guid":{"rendered":"https:\/\/www.europesays.com\/lv\/63857\/"},"modified":"2025-12-02T13:49:08","modified_gmt":"2025-12-02T13:49:08","slug":"martins-gauss-turpina-karjeru-aviacija-klustot-par-gulf-air-izpilddirektoru-lente-lv","status":"publish","type":"post","link":"https:\/\/www.europesays.com\/lv\/63857\/","title":{"rendered":"Martins Gauss turpina karjeru avi\u0101cij\u0101, k\u013c\u016bstot par &#8220;Gulf Air&#8221; izpilddirektoru\u00a0\u2014\u00a0Lente.lv"},"content":{"rendered":"<p>Martins Gauss iecelts par &#8220;Gulf Air&#8221; izpilddirektoru<\/p>\n<p>Biju\u0161ais Latvijas nacion\u0101l\u0101s aviokomp\u0101nijas &#8220;airBaltic&#8221; izpilddirektors Martins Gauss ir iecelts Bahreinas nacion\u0101l\u0101s aviokomp\u0101nijas &#8220;Gulf Air&#8221; izpilddirektora amat\u0101. Amata pien\u0101kumus vi\u0146\u0161 s\u0101cis pild\u012bt no 2025. gada 4. novembra. Gauss paudis lepnumu un pateic\u012bbu par iesp\u0113ju vad\u012bt aviokomp\u0101niju ar vair\u0101k nek\u0101 75 gadu v\u0113sturi, ap\u0146emoties kop\u0101 ar komandu un partneriem stiprin\u0101t t\u0101s n\u0101kotni. Vi\u0146\u0161 pl\u0101no ieviest savu vad\u012bbas stilu, lai iedvesmotu darbiniekus, klientus un partnerus kop\u012bgiem pan\u0101kumiem &#8220;Gulf Air&#8221;.<\/p>\n<p>&#8220;Gulf Air&#8221; dibin\u0101ta 1950. gad\u0101 un pa\u0161laik veic regul\u0101rus lidojumus uz vair\u0101k nek\u0101 50 galam\u0113r\u0137iem 30 valst\u012bs \u0100frik\u0101, \u0100zij\u0101 un Eirop\u0101, izmantojot vair\u0101k nek\u0101 40 lidma\u0161\u012bnu floti. Martins Gauss, kur\u0161 &#8220;airBaltic&#8221; vad\u012bja gandr\u012bz 14 gadus, s\u0101kot darbu 2011. gada 1. novembr\u012b, tika atbr\u012bvots no amata &#8220;airBaltic&#8221; 2025. gada 7. apr\u012bl\u012b p\u0113c Satiksmes ministrijas neuztic\u012bbas izteik\u0161anas, kas galvenok\u0101rt bija saist\u012bta ar aviokomp\u0101nijas finan\u0161u situ\u0101ciju.<\/p>\n<p>Jaun\u0101 vad\u012bba &#8220;airBaltic&#8221;<\/p>\n<p>Kop\u0161 2025. gada 1. decembra &#8220;airBaltic&#8221; izpilddirektora pien\u0101kumus pilda soms Erno Hild\u0113ns, kur\u0161 iepriek\u0161 ie\u0146\u0113mis vado\u0161us amatus &#8220;SAS Scandinavian Airlines&#8221;, &#8220;Saudi Arabian Airlines Group&#8221; un &#8220;Finnair Plc&#8221;. Vi\u0146a uzdevums ir nodro\u0161in\u0101t uz\u0146\u0113muma darb\u012bbas nep\u0101rtraukt\u012bbu un operacion\u0101lo stabilit\u0101ti, atbalstot valdi un sadarbojoties ar komandu. L\u012bdz br\u012bdim, kad Hild\u0113ns st\u0101j\u0101s amat\u0101, &#8220;airBaltic&#8221; vad\u012bja izpilddirektora pien\u0101kumu izpild\u012bt\u0101js Pauls C\u0101l\u012btis, kur\u0161 turpina darbu uz\u0146\u0113muma vald\u0113.<\/p>\n<p>P\u0113rn &#8220;airBaltic&#8221; cieta 118,2 miljonu eiro zaud\u0113jumus, pretstat\u0101 iepriek\u0161\u0113j\u0101 gada pe\u013c\u0146ai, kas skaidrojams ar da\u017e\u0101diem \u0101r\u0113jiem faktoriem, tostarp dzin\u0113ju amortiz\u0101ciju un val\u016btas kursu sv\u0101rst\u012bb\u0101m. Tom\u0113r komp\u0101nija 2024. gad\u0101 sasniedza rekordaugstus ie\u0146\u0113mumus gandr\u012bz 748 miljonu eiro apm\u0113r\u0101 un p\u0101rvad\u0101ja vair\u0101k nek\u0101 asto\u0146us miljonus pasa\u017eieru, kas ir visu laiku augst\u0101kais rezult\u0101ts.<\/p>\n<p>Strat\u0113\u0123iskie notikumi &#8220;airBaltic&#8221;<\/p>\n<p>V\u0101cijas aviokomp\u0101nija &#8220;Lufthansa&#8221; apsver iesp\u0113ju ieg\u0101d\u0101ties &#8220;airBaltic&#8221; akcijas pirms pl\u0101not\u0101 s\u0101kotn\u0113j\u0101 publisk\u0101 pied\u0101v\u0101juma (IPO). V\u0101cijas konkurences uzraugs ir at\u013c\u0101vis &#8220;Lufthansai&#8221; ieg\u0101d\u0101ties maz\u0101kuma akcijas, un paredzams, ka &#8220;Lufthansa&#8221; ieg\u016bs 10% &#8220;airBaltic&#8221; akciju. Latvijas valsts joproj\u0101m ir liel\u0101k\u0101 &#8220;airBaltic&#8221; akcion\u0101re ar 88,37% akciju, bet &#8220;Lufthansa&#8221; pl\u0101no tur\u0113t vismaz 5% p\u0113c IPO. Latvijas vald\u012bba ir vienojusies, ka p\u0113c IPO valstij j\u0101saglab\u0101 vismaz 25% plus viena akcija.<\/p>\n<p>&#8220;airBaltic&#8221; padome ir veikusi izmai\u0146as, un jaun\u0101 padome tiks iev\u0113l\u0113ta 2025. gada 11. febru\u0101r\u012b, nodro\u0161inot uz\u0146\u0113muma vad\u012bbas p\u0101reju. &#8220;Lufthansa&#8221; grupas invest\u012bcijas tiek v\u0113rt\u0113tas pozit\u012bvi, jo t\u0101s nodro\u0161ina nopietnu investoru piesaisti aviokomp\u0101nijai.<\/p>\n","protected":false},"excerpt":{"rendered":"Martins Gauss iecelts par &#8220;Gulf Air&#8221; izpilddirektoru Biju\u0161ais Latvijas nacion\u0101l\u0101s aviokomp\u0101nijas &#8220;airBaltic&#8221; izpilddirektors Martins Gauss ir iecelts Bahreinas&hellip;\n","protected":false},"author":2,"featured_media":63858,"comment_status":"","ping_status":"","sticky":false,"template":"","format":"standard","meta":{"footnotes":""},"categories":[16],"tags":[3307,5290,77,76,5289,35,39,38,36,37,34,40,5288,5291],"class_list":{"0":"post-63857","1":"post","2":"type-post","3":"status-publish","4":"format-standard","5":"has-post-thumbnail","7":"category-bizness","8":"tag-airbaltic","9":"tag-aviokompanija","10":"tag-bizness","11":"tag-business","12":"tag-gulf-air","13":"tag-latvia","14":"tag-latvian","15":"tag-latviesu","16":"tag-latviesu-valoda","17":"tag-latviesuvaloda","18":"tag-latvija","19":"tag-lv","20":"tag-martins-gauss","21":"tag-vaditajs"},"share_on_mastodon":{"url":"https:\/\/pubeurope.com\/@lv\/115650295419582786","error":""},"_links":{"self":[{"href":"https:\/\/www.europesays.com\/lv\/wp-json\/wp\/v2\/posts\/63857","targetHints":{"allow":["GET"]}}],"collection":[{"href":"https:\/\/www.europesays.com\/lv\/wp-json\/wp\/v2\/posts"}],"about":[{"href":"https:\/\/www.europesays.com\/lv\/wp-json\/wp\/v2\/types\/post"}],"author":[{"embeddable":true,"href":"https:\/\/www.europesays.com\/lv\/wp-json\/wp\/v2\/users\/2"}],"replies":[{"embeddable":true,"href":"https:\/\/www.europesays.com\/lv\/wp-json\/wp\/v2\/comments?post=63857"}],"version-history":[{"count":0,"href":"https:\/\/www.europesays.com\/lv\/wp-json\/wp\/v2\/posts\/63857\/revisions"}],"wp:featuredmedia":[{"embeddable":true,"href":"https:\/\/www.europesays.com\/lv\/wp-json\/wp\/v2\/media\/63858"}],"wp:attachment":[{"href":"https:\/\/www.europesays.com\/lv\/wp-json\/wp\/v2\/media?parent=63857"}],"wp:term":[{"taxonomy":"category","embeddable":true,"href":"https:\/\/www.europesays.com\/lv\/wp-json\/wp\/v2\/categories?post=63857"},{"taxonomy":"post_tag","embeddable":true,"href":"https:\/\/www.europesays.com\/lv\/wp-json\/wp\/v2\/tags?post=63857"}],"curies":[{"name":"wp","href":"https:\/\/api.w.org\/{rel}","templated":true}]}}