{"id":63868,"date":"2025-12-02T14:12:14","date_gmt":"2025-12-02T14:12:14","guid":{"rendered":"https:\/\/www.europesays.com\/lv\/63868\/"},"modified":"2025-12-02T14:12:14","modified_gmt":"2025-12-02T14:12:14","slug":"red-bull-padomnieks-antoneli-apvaino-verstapena-titulcinas-sabotaza-motoru-sports-sportacentrs-com","status":"publish","type":"post","link":"https:\/\/www.europesays.com\/lv\/63868\/","title":{"rendered":"&#8220;Red Bull&#8221; padomnieks Antoneli apvaino Verstapena titulc\u012b\u0146as sabot\u0101\u017e\u0101 \u2013 Motoru sports \u2013 Sportacentrs.com"},"content":{"rendered":"<p>Kataras GP pirmsp\u0113d\u0113j\u0101 apl\u012b Antoneli zaud\u0113ja kontroli p\u0101r savu sp\u0113kratu, k\u0101 rezult\u0101t\u0101 &#8220;McLaren&#8221; pilots Lando Noriss pac\u0113l\u0101s uz ceturto poz\u012bciju. L\u012bdz ar to britam sezonas nosl\u0113dzo\u0161aj\u0101s sac\u012bkst\u0113s \u010dempiona titulam pietiks tikai ar vietu uz goda pjedest\u0101la.<\/p>\n<p>Marko p\u0113c sac\u012bkst\u0113m Antoneli r\u012bc\u012bbu neveiksm\u012bgaj\u0101 epizod\u0113 nosauca par apzin\u0101tu.<\/p>\n<p>&#8220;Divas reizes bija redzams, ka Antoneli vair\u0101k vai maz\u0101k pam\u0101j Lando, lai vi\u0146\u0161 brauc gar\u0101m. Tas bija tik ac\u012bmredzami. Tagad Antoneli pal\u012bdz m\u016bsu galvenajiem konkurentiem. Austrij\u0101 vi\u0146\u0161 ietriec\u0101s Maksa formulas aizmugur\u0113,&#8221; &#8220;Motorsport&#8221; cit\u0113 Marko.<\/p>\n<p>19 gadus vecais Antoneli publiskaj\u0101 vid\u0113 ar\u012b izpeln\u012bjies pla\u0161u kritiku no faniem, kuri dom\u0101 l\u012bdz\u012bgi k\u0101 Marko. T\u0101 rezult\u0101t\u0101 jaunais pilots sava &#8220;Instagram&#8221; profila att\u0113lu uz br\u012bdi nomain\u012bja pret melnu bildi.<\/p>\n<p>2025. gada \u010dempiona tituls iz\u0161\u0137irsies Ab\u016b Dab\u012b &#8220;Grand Prix&#8221;. Noriss Verstapenu apsteidz par 12 punktiem, bet savu kol\u0113\u0123i Oskaru Piastri \u2013 par 16.<\/p>\n<p>Izmantotie resursi:<br \/><a target=\"_blank\" href=\"https:\/\/www.motorsport.com\/f1\/news\/helmut-marko-obvious-antonelli-waved-norris-by-qatar-f1-gp\/10781304\/\" rel=\"nofollow noopener\">https:\/\/www.motorsport.com\/f1\/news\/&#8230;<\/a><\/p>\n","protected":false},"excerpt":{"rendered":"Kataras GP pirmsp\u0113d\u0113j\u0101 apl\u012b Antoneli zaud\u0113ja kontroli p\u0101r savu sp\u0113kratu, k\u0101 rezult\u0101t\u0101 &#8220;McLaren&#8221; pilots Lando Noriss pac\u0113l\u0101s uz&hellip;\n","protected":false},"author":2,"featured_media":63869,"comment_status":"","ping_status":"","sticky":false,"template":"","format":"standard","meta":{"footnotes":""},"categories":[17],"tags":[35,39,38,36,37,34,40,165,67],"class_list":{"0":"post-63868","1":"post","2":"type-post","3":"status-publish","4":"format-standard","5":"has-post-thumbnail","7":"category-sports","8":"tag-latvia","9":"tag-latvian","10":"tag-latviesu","11":"tag-latviesu-valoda","12":"tag-latviesuvaloda","13":"tag-latvija","14":"tag-lv","15":"tag-motoru-sports","16":"tag-sports"},"share_on_mastodon":{"url":"https:\/\/pubeurope.com\/@lv\/115650385851786977","error":""},"_links":{"self":[{"href":"https:\/\/www.europesays.com\/lv\/wp-json\/wp\/v2\/posts\/63868","targetHints":{"allow":["GET"]}}],"collection":[{"href":"https:\/\/www.europesays.com\/lv\/wp-json\/wp\/v2\/posts"}],"about":[{"href":"https:\/\/www.europesays.com\/lv\/wp-json\/wp\/v2\/types\/post"}],"author":[{"embeddable":true,"href":"https:\/\/www.europesays.com\/lv\/wp-json\/wp\/v2\/users\/2"}],"replies":[{"embeddable":true,"href":"https:\/\/www.europesays.com\/lv\/wp-json\/wp\/v2\/comments?post=63868"}],"version-history":[{"count":0,"href":"https:\/\/www.europesays.com\/lv\/wp-json\/wp\/v2\/posts\/63868\/revisions"}],"wp:featuredmedia":[{"embeddable":true,"href":"https:\/\/www.europesays.com\/lv\/wp-json\/wp\/v2\/media\/63869"}],"wp:attachment":[{"href":"https:\/\/www.europesays.com\/lv\/wp-json\/wp\/v2\/media?parent=63868"}],"wp:term":[{"taxonomy":"category","embeddable":true,"href":"https:\/\/www.europesays.com\/lv\/wp-json\/wp\/v2\/categories?post=63868"},{"taxonomy":"post_tag","embeddable":true,"href":"https:\/\/www.europesays.com\/lv\/wp-json\/wp\/v2\/tags?post=63868"}],"curies":[{"name":"wp","href":"https:\/\/api.w.org\/{rel}","templated":true}]}}