{"id":63877,"date":"2025-12-02T15:47:04","date_gmt":"2025-12-02T15:47:04","guid":{"rendered":"https:\/\/www.europesays.com\/lv\/63877\/"},"modified":"2025-12-02T15:47:04","modified_gmt":"2025-12-02T15:47:04","slug":"maestro-raimonds-pauls-89-gadu-vecuma-nacis-klaja-ar-jaunumiem-video","status":"publish","type":"post","link":"https:\/\/www.europesays.com\/lv\/63877\/","title":{"rendered":"Maestro Raimonds Pauls 89 gadu vecum\u0101 n\u0101cis klaj\u0101 ar jaunumiem (+ VIDEO)"},"content":{"rendered":"<p>        <img loading=\"lazy\" decoding=\"async\" class=\"lazy lazy-hidden size-full wp-image-172475\" src=\"data:image\/gif;base64,R0lGODlhAQABAIAAAAAAAP\/\/\/yH5BAEAAAAALAAAAAABAAEAAAIBRAA7\" data-lazy-type=\"image\" data-lazy-src=\"https:\/\/www.europesays.com\/lv\/wp-content\/uploads\/2025\/12\/pauls9.jpg\" alt=\"\" width=\"818\" height=\"530\" data-lazy- data-lazy-\/>Foto \u2013 ekr\u0101nuz\u0146\u0113mums<\/p>\n<p>Komponists Maestro Raimonds Pauls nu nek\u0101di nevar \u201cnos\u0113d\u0113t mier\u0101\u201d un ir n\u0101cis klaj\u0101 ar pat\u012bkam\u0101m zi\u0146\u0101m.<\/p>\n<p>Raimonds Pauls nekad nesl\u0113pa, ka viena no vi\u0146a m\u012b\u013c\u0101kaj\u0101m dzied\u0101t\u0101j\u0101m, kuru vi\u0146\u0161 uzskata par patiesi talant\u012bgu m\u0101kslinieci. Ance n\u0101k no Alsungas, un k\u0101 pati smejas \u2013 vi\u0146\u0101 ir ne tikai varena balss, bet ar\u012b sp\u012bts un lepnums. Kad Ance bija jauni\u0146a, komponista atbalsts vi\u0146ai bija nenov\u0113rt\u0113jama d\u0101vana, jo vi\u0146u paman\u012bja daudzi, un tie\u0161i, pateicoties, Paulam.<\/p>\n<p>Bet pirms vair\u0101k nek\u0101 20 gadiem Ances dz\u012bv\u0113 ien\u0101ca m\u012b\u013cotais v\u012brietis \u2013 uz\u0146\u0113m\u0113js Valdis Sili\u0146\u0161. Un daudz kas main\u012bj\u0101s, ar\u012b attiec\u012bb\u0101 uz vi\u0146as karjeru. Jo Ance fokus\u0113j\u0101s uz m\u0101jas dz\u012bvi un \u0123imeni, nevis uz karjeru. 2012.gad\u0101 Ance un Valdis apprec\u0113j\u0101s, tad vi\u0146iem jau bija divas meitas, bet dr\u012bz p\u0113c laul\u012bb\u0101m pasaul\u0113 n\u0101ca ar\u012b tre\u0161\u0101 meiti\u0146a.<\/p>\n<p>Ances vec\u0101k\u0101 meita \u0161ogad absolv\u0113ja koled\u017eu ar izcil\u012bbu, un vi\u0146a nodarbojas ar vijolsp\u0113li. Ar\u012b Ances vid\u0113j\u0101 meita Kate ir muzik\u0101la, tom\u0113r vi\u0146a izpau\u017eas \u201ccit\u0101s m\u0101kslas form\u0101s\u201d. Savuk\u0101rt jaun\u0101k\u0101 meiti\u0146a Bille ir film\u0113jusies kinofilm\u0101 \u201cCircen\u012b\u0161a Ziemassv\u0113tki\u201d.<\/p>\n<p><img loading=\"lazy\" decoding=\"async\" class=\"lazy lazy-hidden size-full wp-image-226916\" src=\"data:image\/gif;base64,R0lGODlhAQABAIAAAAAAAP\/\/\/yH5BAEAAAAALAAAAAABAAEAAAIBRAA7\" data-lazy-type=\"image\" data-lazy-src=\"https:\/\/www.europesays.com\/lv\/wp-content\/uploads\/2025\/12\/Ekranuznemums-2025-12-02-125300.jpg\" alt=\"\" width=\"818\" height=\"551\" data-lazy- data-lazy-\/>Foto \u2013 ekr\u0101nuz\u0146\u0113mums<\/p>\n<p>Tom\u0113r nesen medijiem tapa zin\u0101ms, ka Ances un Valda Sili\u0146a attiec\u012bbu statuss ir main\u012bjies un p\u0101ris vairs nav kop\u0101. Ilgu laiku dzied\u0101t\u0101ja \u0161o faktu nev\u0113l\u0113j\u0101s koment\u0113t, bet v\u0113l\u0101k apstiprin\u0101ja. Vi\u0146a ar\u012b neliedza, ka vi\u0146ai pa\u0161ai \u0161\u012bs zi\u0146as bija visai \u201cnegaid\u012btas\u201d. Tagad talant\u012bg\u0101 dzied\u0101t\u0101ja ar dubultu jaudu ir atgriezusies uz skatuves, lai ar savu talantu priec\u0113tu savus klaus\u012bt\u0101jus.<\/p>\n<p>89 gadus vecais komponists Raimonds Pauls akt\u012bvi turpina rad\u012bt un izdot jaunas kompoz\u012bcijas, un viens no vi\u0146a jaun\u0101kajiem veikumiem ir dziesma \u201cM\u0101te meitai\u201d. \u0160o dziesmu vi\u0146\u0161 sarakst\u012bjis tie\u0161i Ances Krauzes balsij, bet v\u0101rdu autors ir neviens cits k\u0101 dzejnieks un m\u016bzi\u0137is Guntars Ra\u010ds. Pirmo reizi \u0161\u012b kompoz\u012bcija izskan\u0113ja nesen notiku\u0161aj\u0101 Ra\u010da jubilejas koncertu s\u0113rij\u0101, kur t\u0101 guva lielu skat\u012bt\u0101ju atsauc\u012bbu.<\/p>\n<p>\n&#13;<br \/>\n&#13;<br \/>\n&#13;<br \/>\n&#13;<br \/>\nVIDEO: &#13;<br \/>\n &#13;<\/p>\n<p>Lasi v\u0113l:\u00a0<a style=\"color: #ff0000;\" href=\"https:\/\/dzentlmenis.lv\/seno-vikingu-un-ari-baltu-cilsu-ipasais-laiks-juls-tas-sakas-2-decembri-lai-piesaistitu-veiksmi-jaizdara-5-lietas\/226816\/\" target=\"_blank\" rel=\"noopener nofollow\">Seno vikingu un ar\u012b baltu cil\u0161u \u012bpa\u0161ais laiks \u201cJ\u016bls\u201d: tas s\u0101kas 2. decembr\u012b \u2013 lai piesaist\u012btu veiksmi, j\u0101izdara 5 lietas<\/a><\/p>\n<p>\u0160\u012bs kompoz\u012bcijas ierakst\u0101 piedal\u012bjies ar\u012b pats Maestro, ieska\u0146ojot klavieru solo, k\u0101 ar\u012b vair\u0101ki MC or\u0137estra m\u016bzi\u0137i: pie tausti\u0146instrumentiem, Roberts Rasa pie basa, Uldis Beiti\u0146\u0161 pie \u0123it\u0101ras un Anrijs Gr\u012bnbergs pie bung\u0101m.<\/p>\n<p><img loading=\"lazy\" decoding=\"async\" class=\"lazy lazy-hidden size-full wp-image-226917\" src=\"data:image\/gif;base64,R0lGODlhAQABAIAAAAAAAP\/\/\/yH5BAEAAAAALAAAAAABAAEAAAIBRAA7\" data-lazy-type=\"image\" data-lazy-src=\"https:\/\/www.europesays.com\/lv\/wp-content\/uploads\/2025\/12\/Ekranuznemums-2025-12-02-125321.jpg\" alt=\"\" width=\"818\" height=\"517\" data-lazy- data-lazy-\/>Foto \u2013 ekr\u0101nuz\u0146\u0113mums<\/p>\n<p>Dziesma tapusi, izmantojot vien\u012bgi akustiskos instrumentus \u2014 taj\u0101 nav nek\u0101 \u201cm\u0101ksl\u012bga\u201d, kas pie\u0161\u0137ir ierakstam \u012bpa\u0161u dz\u012bv\u012bgumu un siltumu. Ierakstu un miks\u0113\u0161anu veica Gints Stankevi\u010ds, bet Raimonda Paula klavieru solo ieraksts tapa Latvijas Radio 1. studij\u0101, sadarbojoties ar producentu Gustavu Erenpreisu.<\/p>\n<p>Pie public\u0113t\u0101s dziesmas koment\u0101ros cilv\u0113ki raksta koment\u0101rus, kas liek smaid\u012bt un dziesmu klaus\u012bties atk\u0101rtoti: \u201cNeko tik skaistu sen nebiju dzird\u0113jis!\u201d, \u201cK\u0101 F\u0113nikss no pelniem! Ance, j\u016bs esat neatk\u0101rtojama!\u201d, \u201cNeko tik aizkustino\u0161u sen nebiju redz\u0113jis\u2026 paldies!\u201d, \u201cMaestro mums ir talant\u012bg\u0101kais cilv\u0113ks Latvij\u0101!\u201d, \u201cAnce, k\u0101p\u0113c j\u016bs tik daudzus gadus mums nedzied\u0101j\u0101t, j\u016bs esat br\u012bni\u0161\u0137\u012bga!\u201d.<\/p>\n<p>Dziesmas video versija izveidota, izmantojot Ances uzst\u0101\u0161an\u0101s fragmentus no Guntara Ra\u010da jubilejas koncerta \u201cUlbrokas p\u0113rl\u0113\u201d. Pie video tap\u0161anas str\u0101d\u0101ja \u201c360TV\u201d un operators Gints F\u0101renhosts, savuk\u0101rt teksta video izstr\u0101di veidoja \u201cDween Production\u201d. Dziesmu klaus\u012bt\u0101ji var atrast un baud\u012bt vispla\u0161\u0101k izmantotajos m\u016bzikas straum\u0113\u0161anas un lejupiel\u0101des servisos vis\u0101 pasaul\u0113, jo to izdod \u201cIzdevniec\u012bba MicRec\u201d.<\/p>\n<p>Ance Krauze izpilda Raimonda Paula dziesmu \u201cM\u0101te meitai\u201d, video:<br \/><img decoding=\"async\" src=\"data:image\/gif;base64,R0lGODlhAQABAIAAAAAAAP\/\/\/yH5BAEAAAAALAAAAAABAAEAAAIBRAA7\" class=\"lazy lazy-hidden\" data-lazy-type=\"iframe\" data-lazy-src=\"&lt;iframe loading=&quot;lazy&quot; title=&quot;YouTube video player&quot; src=&quot;https:\/\/www.youtube.com\/embed\/mYL5psrcIz8?si=KF6UwX1zLecyElpd&quot; width=&quot;560&quot; height=&quot;315&quot; frameborder=&quot;0&quot; allowfullscreen=&quot;allowfullscreen&quot;&gt;&lt;\/iframe&gt;\" alt=\"\"\/><\/p>\n","protected":false},"excerpt":{"rendered":"Foto \u2013 ekr\u0101nuz\u0146\u0113mums Komponists Maestro Raimonds Pauls nu nek\u0101di nevar \u201cnos\u0113d\u0113t mier\u0101\u201d un ir n\u0101cis klaj\u0101 ar pat\u012bkam\u0101m&hellip;\n","protected":false},"author":2,"featured_media":63878,"comment_status":"","ping_status":"","sticky":false,"template":"","format":"standard","meta":{"footnotes":""},"categories":[19],"tags":[14537,89,3209,90,35,39,38,36,37,34,40,2672],"class_list":{"0":"post-63877","1":"post","2":"type-post","3":"status-publish","4":"format-standard","5":"has-post-thumbnail","7":"category-izklaide","8":"tag-ance-krauze","9":"tag-entertainment","10":"tag-guntars-racs","11":"tag-izklaide","12":"tag-latvia","13":"tag-latvian","14":"tag-latviesu","15":"tag-latviesu-valoda","16":"tag-latviesuvaloda","17":"tag-latvija","18":"tag-lv","19":"tag-raimonds-pauls"},"share_on_mastodon":{"url":"https:\/\/pubeurope.com\/@lv\/115650759452016007","error":""},"_links":{"self":[{"href":"https:\/\/www.europesays.com\/lv\/wp-json\/wp\/v2\/posts\/63877","targetHints":{"allow":["GET"]}}],"collection":[{"href":"https:\/\/www.europesays.com\/lv\/wp-json\/wp\/v2\/posts"}],"about":[{"href":"https:\/\/www.europesays.com\/lv\/wp-json\/wp\/v2\/types\/post"}],"author":[{"embeddable":true,"href":"https:\/\/www.europesays.com\/lv\/wp-json\/wp\/v2\/users\/2"}],"replies":[{"embeddable":true,"href":"https:\/\/www.europesays.com\/lv\/wp-json\/wp\/v2\/comments?post=63877"}],"version-history":[{"count":0,"href":"https:\/\/www.europesays.com\/lv\/wp-json\/wp\/v2\/posts\/63877\/revisions"}],"wp:featuredmedia":[{"embeddable":true,"href":"https:\/\/www.europesays.com\/lv\/wp-json\/wp\/v2\/media\/63878"}],"wp:attachment":[{"href":"https:\/\/www.europesays.com\/lv\/wp-json\/wp\/v2\/media?parent=63877"}],"wp:term":[{"taxonomy":"category","embeddable":true,"href":"https:\/\/www.europesays.com\/lv\/wp-json\/wp\/v2\/categories?post=63877"},{"taxonomy":"post_tag","embeddable":true,"href":"https:\/\/www.europesays.com\/lv\/wp-json\/wp\/v2\/tags?post=63877"}],"curies":[{"name":"wp","href":"https:\/\/api.w.org\/{rel}","templated":true}]}}