{"id":63881,"date":"2025-12-02T15:58:11","date_gmt":"2025-12-02T15:58:11","guid":{"rendered":"https:\/\/www.europesays.com\/lv\/63881\/"},"modified":"2025-12-02T15:58:11","modified_gmt":"2025-12-02T15:58:11","slug":"eiropai-steidzami-nepieciesams-savs-miera-plans-ukrainai-lente-lv","status":"publish","type":"post","link":"https:\/\/www.europesays.com\/lv\/63881\/","title":{"rendered":"Eiropai steidzami nepiecie\u0161ams savs miera pl\u0101ns Ukrainai\u00a0\u2014\u00a0Lente.lv"},"content":{"rendered":"<p>Eiropai nepiecie\u0161ams savs pl\u0101ns Ukrainas kara izbeig\u0161anai<\/p>\n<p>Eiropas Savien\u012bba atkal mekl\u0113 iesp\u0113jas pan\u0101kt progresu sarun\u0101s par kara izbeig\u0161anu Ukrain\u0101, kam\u0113r Krievijas prezidents Vladimirs Putins gatavojas tikties ar ASV sarunu ved\u0113jiem Maskav\u0101. \u0160is situ\u0101cija ir k\u0101 skaidrs sign\u0101ls Eiropas aizsardz\u012bbas komis\u0101ram Andrius Kubilius, ka kontinentam steidzami j\u0101stiprina sava \u0123eopolitisk\u0101 st\u0101vok\u013ca, vi\u0146\u0161 atkl\u0101ja Euronews r\u012bta raid\u012bjum\u0101 &#8220;Europe Today&#8221;.<\/p>\n<p>Aicin\u0101jums uz neatkar\u012bgu iniciat\u012bvu<\/p>\n<p>Eiropie\u0161iem nepiecie\u0161ams izstr\u0101d\u0101t pa\u0161u miera pl\u0101nu Ukrainai, negaidot iniciat\u012bvu no amerik\u0101\u0146iem, uzsv\u0113ra Eiropas Komisijas aizsardz\u012bbas komis\u0101rs Andrius Kubilius. Vi\u0146\u0161 nor\u0101d\u012bja uz nepiecie\u0161am\u012bbu p\u0101rvar\u0113t zin\u0101mas mentalit\u0101tes barjeras, kas mudina gaid\u012bt risin\u0101jumus no Va\u0161ingtonas. &#8220;B\u016btu \u013coti labi, ja mums b\u016btu savs pl\u0101ns un tad, zin\u0101t, m\u0113s var\u0113tu to sal\u012bdzin\u0101t ar amerik\u0101\u0146u pl\u0101nu, lai redz\u0113tu, kas ir labs un ko m\u0113s v\u0113l\u0113tos apspriest,&#8221; piebilda Kubilius. Komis\u0101rs pauda p\u0101rliec\u012bbu, ka Eiropa virz\u0101s pareizaj\u0101 virzien\u0101, jo arvien vair\u0101k tiek saprasta nepiecie\u0161am\u012bba b\u016bt neatkar\u012bg\u0101kiem gan aizsardz\u012bbas sp\u0113ju zi\u0146\u0101, gan \u0123eopolitiskaj\u0101 st\u0101vokl\u012b.<\/p>\n<p>ASV un Krievijas sarunu konteksts<\/p>\n<p>\u0160ie notikumi risin\u0101s laik\u0101, kad ASV prezidenta Donalda Trampa \u012bpa\u0161ais s\u016btnis St\u012bvs Vitkovs un znotins D\u017eareds Ku\u0161ners paredz\u0113ti tikties ar Krievijas prezidentu Vladimiru Putinu Maskav\u0101, lai turpin\u0101tu sarunas par Ukrainas kara izbeig\u0161anu. \u0160\u012b tik\u0161an\u0101s notiek p\u0113c pag\u0101ju\u0161aj\u0101 ned\u0113\u013c\u0101 nopludin\u0101t\u0101 jaun\u0101 miera pl\u0101na priek\u0161likuma, ko kop\u012bgi izstr\u0101d\u0101ju\u0161as Va\u0161ingtona un Maskava. Pl\u0101ns izrais\u012bja satraukumu Ukrain\u0101 un Eirop\u0101, jo tas bija ac\u012bmredzami Krievijas interes\u0113s. Tika paredz\u0113ts, ka Ukraina atsak\u0101s no Donbasa re\u0123iona, ierobe\u017eo savu milit\u0101ro sp\u0113ku lielumu un atsak\u0101s no v\u0113lmes pievienoties NATO.<\/p>\n<p>Eiropas reakcija un turpm\u0101kie so\u013ci<\/p>\n<p>\u0160\u012b situacija izrais\u012bja jaunu diplom\u0101tisku kontaktu vilni Eirop\u0101, tostarp t\u0101 d\u0113v\u0113to &#8220;Grib\u0113t\u0101ju koal\u012bcijas&#8221; san\u0101ksmi. Eiropie\u0161i izvirz\u012bja pretpriek\u0161likumus, kas Savienotaj\u0101m Valst\u012bm un Ukrainai lika izstr\u0101d\u0101t &#8220;atjaunin\u0101tu un preciz\u0113tu miera satvaru&#8221; tik\u0161an\u0101s laik\u0101 \u017den\u0113v\u0101 pag\u0101ju\u0161aj\u0101 ned\u0113\u013c\u0101. Tas k\u013c\u016bs par pamatu otrdien paredz\u0113taj\u0101m sarun\u0101m starp ASV un Krieviju. Ta\u010du \u0161\u012b s\u0101kotn\u0113j\u0101 nesaska\u0146a v\u0113lreiz uzsv\u0113ra Eiropas gr\u016bt\u012bbas pan\u0101kt sev pien\u0101c\u012bgu vietu sarunu proces\u0101, lai gan t\u0101 ir liel\u0101k\u0101 milit\u0101r\u0101 un finansi\u0101l\u0101 atbalsta donore karadarb\u012bbas skartajai valstij un ir gatava uz\u0146emties liel\u0101ko da\u013cu dro\u0161\u012bbas garantiju, kas Ukrainai b\u016bs nepiecie\u0161amas miera nosl\u0113g\u0161anas gad\u012bjum\u0101. Francijas prezidents Emanuels Makrons pirmdien uzsv\u0113ra, ka neviens vieno\u0161an\u0101s netiks virz\u012bta uz priek\u0161u bez Eiropas l\u012bdzdal\u012bbas, pieprasot, lai process virz\u0101s uz priek\u0161u ar eiropie\u0161iem &#8220;pie galda&#8221;. Vi\u0146\u0161 piebilda, ka v\u0113l nav pie\u0146emti gal\u012bgi l\u0113mumi un ka tuv\u0101kaj\u0101s dien\u0101s eiropie\u0161i turpin\u0101s apspriest dro\u0161\u012bbas garantijas.<\/p>\n<p>Kubilius: &#8220;Slikts dar\u012bjums ir slikts visiem&#8221;<\/p>\n<p>Kubilius sac\u012bja, ka ir &#8220;labi&#8221;, ka Tramps &#8220;uz\u0146emas iniciat\u012bvu&#8221; un &#8220;cen\u0161as pan\u0101kt mieru&#8221;. Vi\u0146\u0161 gan izteica ba\u017eas par to, vai pied\u0101v\u0101tais miera pl\u0101ns nodro\u0161in\u0101s &#8220;taisn\u012bgu un ilgtermi\u0146a mieru&#8221;. &#8220;Tas ir tas, par ko mums vajadz\u0113tu raiz\u0113ties, un m\u0113s st\u0101vam kop\u0101 ar Ukrainu. Protams, Ukraina v\u0113las mieru, un m\u0113s visi v\u0113lamies mieru,&#8221; vi\u0146\u0161 piebilda. &#8220;Slikts dar\u012bjums b\u016btu slikts ne tikai Ukrainai, bet ar\u012b visai Eiropai, jo mums noteikti ir j\u0101saprot un nopietni j\u0101uztver m\u016bsu izl\u016bkdienestu zi\u0146ojumi, ka tuv\u0101ko gadu laik\u0101 Krievija var\u0113tu b\u016bt gatava p\u0101rbaud\u012bt 5. pantu,&#8221; vi\u0146\u0161 ar\u012b teica. L\u012bdz\u012bgi k\u0101 augst\u0101 p\u0101rst\u0101ve Kaja Kallasa, Kubilius atbalst\u012bja priek\u0161likumu par repar\u0101ciju aizdevumu, kas \u013cautu Eiropai izmantot gandr\u012bz 200 miljardus eiro no Krievijas Centr\u0101l\u0101s bankas iesald\u0113tajiem akt\u012bviem sav\u0101 jurisdikcij\u0101, lai nodro\u0161in\u0101tu finansi\u0101lu pal\u012bdz\u012bbu Ukrainai n\u0101kamos divus gadus. \u0160o priek\u0161likumu gan blo\u0137\u0113 Be\u013c\u0123ija, kur atrodas liel\u0101k\u0101 da\u013ca akt\u012bvu, pieprasot liel\u0101ku riska un sloga dal\u012b\u0161anu attiec\u012bb\u0101 uz iesp\u0113jamo Maskavas atbildes reakciju. Kubilius tom\u0113r nor\u0101d\u012bja, ka aizdevums &#8220;b\u016btu \u013coti svar\u012bgs&#8221;, jo \u0161\u0101da finansi\u0101l\u0101 atbalsta summa &#8220;var\u0113tu p\u0101rliecin\u0101t Putinu, ka vi\u0146\u0161 neko nesasniegs&#8221;. ES l\u012bderi paredz\u0113ts pie\u0146emt gal\u012bgo l\u0113mumu par \u0161\u012b pl\u0101na virz\u012bbu sav\u0101 san\u0101ksm\u0113 18. decembr\u012b.<\/p>\n","protected":false},"excerpt":{"rendered":"Eiropai nepiecie\u0161ams savs pl\u0101ns Ukrainas kara izbeig\u0161anai Eiropas Savien\u012bba atkal mekl\u0113 iesp\u0113jas pan\u0101kt progresu sarun\u0101s par kara izbeig\u0161anu&hellip;\n","protected":false},"author":2,"featured_media":63882,"comment_status":"","ping_status":"","sticky":false,"template":"","format":"standard","meta":{"footnotes":""},"categories":[5],"tags":[23,5806,28,29,514,32,33,16724,22,30,31,35,39,38,36,37,34,40,16198,20,26,27,24,25,3113,21],"class_list":{"0":"post-63881","1":"post","2":"type-post","3":"status-publish","4":"format-standard","5":"has-post-thumbnail","7":"category-aktualitates","8":"tag-aktualitates","9":"tag-andrius-kubilius","10":"tag-breaking-news","11":"tag-breakingnews","12":"tag-eiropas-savieniba","13":"tag-featured-news","14":"tag-featurednews","15":"tag-geopolitiska-drosiba","16":"tag-headlines","17":"tag-latest-news","18":"tag-latestnews","19":"tag-latvia","20":"tag-latvian","21":"tag-latviesu","22":"tag-latviesu-valoda","23":"tag-latviesuvaloda","24":"tag-latvija","25":"tag-lv","26":"tag-miera-plans","27":"tag-news","28":"tag-popularakas-zinas","29":"tag-popularakaszinas","30":"tag-top-stories","31":"tag-topstories","32":"tag-ukrainas-kars","33":"tag-zinas"},"share_on_mastodon":{"url":"https:\/\/pubeurope.com\/@lv\/115650802653616359","error":""},"_links":{"self":[{"href":"https:\/\/www.europesays.com\/lv\/wp-json\/wp\/v2\/posts\/63881","targetHints":{"allow":["GET"]}}],"collection":[{"href":"https:\/\/www.europesays.com\/lv\/wp-json\/wp\/v2\/posts"}],"about":[{"href":"https:\/\/www.europesays.com\/lv\/wp-json\/wp\/v2\/types\/post"}],"author":[{"embeddable":true,"href":"https:\/\/www.europesays.com\/lv\/wp-json\/wp\/v2\/users\/2"}],"replies":[{"embeddable":true,"href":"https:\/\/www.europesays.com\/lv\/wp-json\/wp\/v2\/comments?post=63881"}],"version-history":[{"count":0,"href":"https:\/\/www.europesays.com\/lv\/wp-json\/wp\/v2\/posts\/63881\/revisions"}],"wp:featuredmedia":[{"embeddable":true,"href":"https:\/\/www.europesays.com\/lv\/wp-json\/wp\/v2\/media\/63882"}],"wp:attachment":[{"href":"https:\/\/www.europesays.com\/lv\/wp-json\/wp\/v2\/media?parent=63881"}],"wp:term":[{"taxonomy":"category","embeddable":true,"href":"https:\/\/www.europesays.com\/lv\/wp-json\/wp\/v2\/categories?post=63881"},{"taxonomy":"post_tag","embeddable":true,"href":"https:\/\/www.europesays.com\/lv\/wp-json\/wp\/v2\/tags?post=63881"}],"curies":[{"name":"wp","href":"https:\/\/api.w.org\/{rel}","templated":true}]}}