{"id":63885,"date":"2025-12-02T16:04:19","date_gmt":"2025-12-02T16:04:19","guid":{"rendered":"https:\/\/www.europesays.com\/lv\/63885\/"},"modified":"2025-12-02T16:04:19","modified_gmt":"2025-12-02T16:04:19","slug":"2026-gada-budzets-talredzigas-planosanas-vai-atlikto-problemu-budzets-kapec-video-tiesraide","status":"publish","type":"post","link":"https:\/\/www.europesays.com\/lv\/63885\/","title":{"rendered":"2026. gada bud\u017eets \u2013 t\u0101lredz\u012bgas pl\u0101no\u0161anas vai atlikto probl\u0113mu bud\u017eets? &#8220;K\u0101p\u0113c&#8221; video tie\u0161raide"},"content":{"rendered":"<p>Saeima tre\u0161dien skat\u012bs n\u0101kam\u0101 gada valsts bud\u017eetu gal\u012bgaj\u0101 las\u012bjum\u0101, bet p\u0113c \u0161\u012b l\u0113muma valdo\u0161\u0101s koal\u012bcijas n\u0101kotne ir neskaidra. Bud\u017eeta veido\u0161anu pavad\u012bja politi\u0137u str\u012bdi, kas gan ne vienm\u0113r tie bija saist\u012bti tie\u0161i ar valsts galveno finan\u0161u dokumentu. Par galvenajiem bud\u017eeta jaut\u0101jumiem, prognoz\u0113m par to, cik ilgs v\u0113l var\u0113tu b\u016bt vald\u012bbas m\u016b\u017es, un cit\u0101m aktualit\u0101t\u0113m otrdien, 2. decembr\u012b, pulksten 16 &#8220;Delfi TV&#8221; raid\u012bjum\u0101 &#8220;K\u0101p\u0113c&#8221; \u017eurn\u0101liste Alina Lastovska iztauj\u0101s Saeimas frakciju l\u012bderus.<\/p>\n<p>Jau zi\u0146ots, ka n\u0101kamgad konsolid\u0113t\u0101 valsts bud\u017eeta ie\u0146\u0113mumi pl\u0101noti 16,1 miljarda eiro, bet izdevumi \u2013 17,9 miljardu eiro apm\u0113r\u0101. N\u0101kamgad 448 miljoni tiks novirz\u012bti dro\u0161\u012bbas stiprin\u0101\u0161anai, 94 miljoni papildus pie\u0161\u0137irti atbalstam \u0123imen\u0113m ar b\u0113rniem, papildus v\u0113l 45 miljoni eiro paredz\u0113ti jaun\u0101 pedagogu darba samaksas finans\u0113\u0161anas mode\u013ca &#8220;Programma skol\u0101&#8221; ievie\u0161anai.<\/p>\n<p class=\"m-0\">Seko &#8220;Delfi&#8221; ar\u012b  <a target=\"_blank\" href=\"https:\/\/www.instagram.com\/delfi.lv\/\" rel=\"nofollow noopener\">Instagram<\/a>  un <a target=\"_blank\" href=\"https:\/\/www.youtube.com\/channel\/UCw5foWtcJvAbUm64rv7jwUQ\" rel=\"nofollow noopener\">YouTube<\/a>  profil\u0101 \u2013 pievienojies, lai uzzin\u0101tu svar\u012bg\u0101ko un interesant\u0101ko pirmais!<\/p>\n<p>Publik\u0101cijas saturs vai t\u0101s jebk\u0101da apjoma da\u013ca ir aizsarg\u0101ts autorties\u012bbu objekts Autorties\u012bbu likuma izpratn\u0113, un t\u0101 izmanto\u0161ana bez izdev\u0113ja at\u013caujas ir aizliegta. Vair\u0101k lasi  <a target=\"_blank\" href=\"https:\/\/www.delfi.lv\/noteikumi#autortiesibas\" rel=\"nofollow noopener\">\u0161eit<\/a><script async src=\"\/\/www.instagram.com\/embed.js\"><\/script><\/p>\n","protected":false},"excerpt":{"rendered":"Saeima tre\u0161dien skat\u012bs n\u0101kam\u0101 gada valsts bud\u017eetu gal\u012bgaj\u0101 las\u012bjum\u0101, bet p\u0113c \u0161\u012b l\u0113muma valdo\u0161\u0101s koal\u012bcijas n\u0101kotne ir neskaidra.&hellip;\n","protected":false},"author":2,"featured_media":63886,"comment_status":"","ping_status":"","sticky":false,"template":"","format":"standard","meta":{"footnotes":""},"categories":[5],"tags":[23,353,9194,11961,28,29,1040,11333,2734,32,33,3543,22,2608,30,31,35,39,38,36,37,34,14828,9682,40,2607,20,2224,26,27,24,25,2223,21],"class_list":{"0":"post-63885","1":"post","2":"type-post","3":"status-publish","4":"format-standard","5":"has-post-thumbnail","7":"category-aktualitates","8":"tag-aktualitates","9":"tag-andris-suvajevs","10":"tag-apvienotais-saraksts","11":"tag-arturs-butans","12":"tag-breaking-news","13":"tag-breakingnews","14":"tag-budzets-2026","15":"tag-edgars-tavars","16":"tag-edmunds-jurevics","17":"tag-featured-news","18":"tag-featurednews","19":"tag-harijs-rokpelnis","20":"tag-headlines","21":"tag-jauna-vienotiba","22":"tag-latest-news","23":"tag-latestnews","24":"tag-latvia","25":"tag-latvian","26":"tag-latviesu","27":"tag-latviesu-valoda","28":"tag-latviesuvaloda","29":"tag-latvija","30":"tag-linda-liepina","31":"tag-lpv-latvija-pirmaja-vieta","32":"tag-lv","33":"tag-nacionala-apvieniba","34":"tag-news","35":"tag-partija-progresivie","36":"tag-popularakas-zinas","37":"tag-popularakaszinas","38":"tag-top-stories","39":"tag-topstories","40":"tag-zalo-un-zemnieku-savieniba","41":"tag-zinas"},"share_on_mastodon":{"url":"","error":"Validation failed: Text character limit of 500 exceeded"},"_links":{"self":[{"href":"https:\/\/www.europesays.com\/lv\/wp-json\/wp\/v2\/posts\/63885","targetHints":{"allow":["GET"]}}],"collection":[{"href":"https:\/\/www.europesays.com\/lv\/wp-json\/wp\/v2\/posts"}],"about":[{"href":"https:\/\/www.europesays.com\/lv\/wp-json\/wp\/v2\/types\/post"}],"author":[{"embeddable":true,"href":"https:\/\/www.europesays.com\/lv\/wp-json\/wp\/v2\/users\/2"}],"replies":[{"embeddable":true,"href":"https:\/\/www.europesays.com\/lv\/wp-json\/wp\/v2\/comments?post=63885"}],"version-history":[{"count":0,"href":"https:\/\/www.europesays.com\/lv\/wp-json\/wp\/v2\/posts\/63885\/revisions"}],"wp:featuredmedia":[{"embeddable":true,"href":"https:\/\/www.europesays.com\/lv\/wp-json\/wp\/v2\/media\/63886"}],"wp:attachment":[{"href":"https:\/\/www.europesays.com\/lv\/wp-json\/wp\/v2\/media?parent=63885"}],"wp:term":[{"taxonomy":"category","embeddable":true,"href":"https:\/\/www.europesays.com\/lv\/wp-json\/wp\/v2\/categories?post=63885"},{"taxonomy":"post_tag","embeddable":true,"href":"https:\/\/www.europesays.com\/lv\/wp-json\/wp\/v2\/tags?post=63885"}],"curies":[{"name":"wp","href":"https:\/\/api.w.org\/{rel}","templated":true}]}}