{"id":63899,"date":"2025-12-02T16:23:39","date_gmt":"2025-12-02T16:23:39","guid":{"rendered":"https:\/\/www.europesays.com\/lv\/63899\/"},"modified":"2025-12-02T16:23:39","modified_gmt":"2025-12-02T16:23:39","slug":"tramps-devis-maduro-nedelu-venecuelas-pamesanai-norada-avoti","status":"publish","type":"post","link":"https:\/\/www.europesays.com\/lv\/63899\/","title":{"rendered":"Tramps devis Maduro ned\u0113\u013cu Venecu\u0113las pame\u0161anai, nor\u0101da avoti"},"content":{"rendered":"<p><a rel=\"noopener nofollow\" target=\"_blank\" href=\"https:\/\/www.delfi.lv\/temas\/42596146\/asv\" tag-id=\"42596146\">ASV<\/a> prezidents <a rel=\"noopener nofollow\" target=\"_blank\" href=\"https:\/\/www.delfi.lv\/temas\/42006990\/donalds-tramps\" tag-id=\"42006990\">Donalds Tramps<\/a> telefonsarun\u0101 ar <a rel=\"noopener nofollow\" target=\"_blank\" href=\"https:\/\/www.delfi.lv\/temas\/41219691\/venecuela\" tag-id=\"41219691\">Venecu\u0113las<\/a> autorit\u0101ro prezidentu Nikolasu Maduro devis vi\u0146am ned\u0113\u013cu laika, lai pamestu valsti, ta\u010du tas atteicies, atsaucoties uz \u010detriem avotiem, zi\u0146o a\u0123ent\u016bra &#8220;Reuters&#8221;.<\/p>\n<p>K\u0101 v\u0113sta &#8220;Reuters&#8221;, saruna ilgusi nepilnas 15 min\u016btes, un t\u0101s laik\u0101 Tramps noraid\u012bjis vair\u0101kas Venecu\u0113las prezidenta pras\u012bbas. Konkr\u0113ti, Maduro l\u016bdzis atcelt sankcijas vair\u0101k nek\u0101 100 Venecu\u0113las amatperson\u0101m, no kur\u0101m daudzas ASV aps\u016bdz cilv\u0113kties\u012bbu p\u0101rk\u0101pumos, narkotiku tirdzniec\u012bb\u0101 vai korupcij\u0101. Avoti apgalvo, ka Venecu\u0113las prezidents ar\u012b l\u016bdzis, lai p\u0101rejas posma vald\u012bbu vad\u012btu viceprezidente Delsija Rodrigesa.<\/p>\n<p class=\"m-0\">Seko &#8220;Delfi&#8221; ar\u012b  <a target=\"_blank\" href=\"https:\/\/www.instagram.com\/delfi.lv\/\" rel=\"nofollow noopener\">Instagram<\/a>  un <a target=\"_blank\" href=\"https:\/\/www.youtube.com\/channel\/UCw5foWtcJvAbUm64rv7jwUQ\" rel=\"nofollow noopener\">YouTube<\/a>  profil\u0101 \u2013 pievienojies, lai uzzin\u0101tu svar\u012bg\u0101ko un interesant\u0101ko pirmais!<\/p>\n<p>Publik\u0101cijas saturs vai t\u0101s jebk\u0101da apjoma da\u013ca ir aizsarg\u0101ts autorties\u012bbu objekts Autorties\u012bbu likuma izpratn\u0113, un t\u0101 izmanto\u0161ana bez izdev\u0113ja at\u013caujas ir aizliegta. Vair\u0101k lasi  <a target=\"_blank\" href=\"https:\/\/www.delfi.lv\/noteikumi#autortiesibas\" rel=\"nofollow noopener\">\u0161eit<\/a><script async src=\"\/\/www.instagram.com\/embed.js\"><\/script><\/p>\n","protected":false},"excerpt":{"rendered":"ASV prezidents Donalds Tramps telefonsarun\u0101 ar Venecu\u0113las autorit\u0101ro prezidentu Nikolasu Maduro devis vi\u0146am ned\u0113\u013cu laika, lai pamestu valsti,&hellip;\n","protected":false},"author":2,"featured_media":63900,"comment_status":"","ping_status":"","sticky":false,"template":"","format":"standard","meta":{"footnotes":""},"categories":[5],"tags":[23,292,28,29,542,32,33,22,30,31,35,39,38,36,37,34,40,20,5168,26,27,24,25,358,21],"class_list":{"0":"post-63899","1":"post","2":"type-post","3":"status-publish","4":"format-standard","5":"has-post-thumbnail","7":"category-aktualitates","8":"tag-aktualitates","9":"tag-asv","10":"tag-breaking-news","11":"tag-breakingnews","12":"tag-donalds-tramps","13":"tag-featured-news","14":"tag-featurednews","15":"tag-headlines","16":"tag-latest-news","17":"tag-latestnews","18":"tag-latvia","19":"tag-latvian","20":"tag-latviesu","21":"tag-latviesu-valoda","22":"tag-latviesuvaloda","23":"tag-latvija","24":"tag-lv","25":"tag-news","26":"tag-nikolass-maduro","27":"tag-popularakas-zinas","28":"tag-popularakaszinas","29":"tag-top-stories","30":"tag-topstories","31":"tag-venecuela","32":"tag-zinas"},"share_on_mastodon":{"url":"https:\/\/pubeurope.com\/@lv\/115650901009176789","error":""},"_links":{"self":[{"href":"https:\/\/www.europesays.com\/lv\/wp-json\/wp\/v2\/posts\/63899","targetHints":{"allow":["GET"]}}],"collection":[{"href":"https:\/\/www.europesays.com\/lv\/wp-json\/wp\/v2\/posts"}],"about":[{"href":"https:\/\/www.europesays.com\/lv\/wp-json\/wp\/v2\/types\/post"}],"author":[{"embeddable":true,"href":"https:\/\/www.europesays.com\/lv\/wp-json\/wp\/v2\/users\/2"}],"replies":[{"embeddable":true,"href":"https:\/\/www.europesays.com\/lv\/wp-json\/wp\/v2\/comments?post=63899"}],"version-history":[{"count":0,"href":"https:\/\/www.europesays.com\/lv\/wp-json\/wp\/v2\/posts\/63899\/revisions"}],"wp:featuredmedia":[{"embeddable":true,"href":"https:\/\/www.europesays.com\/lv\/wp-json\/wp\/v2\/media\/63900"}],"wp:attachment":[{"href":"https:\/\/www.europesays.com\/lv\/wp-json\/wp\/v2\/media?parent=63899"}],"wp:term":[{"taxonomy":"category","embeddable":true,"href":"https:\/\/www.europesays.com\/lv\/wp-json\/wp\/v2\/categories?post=63899"},{"taxonomy":"post_tag","embeddable":true,"href":"https:\/\/www.europesays.com\/lv\/wp-json\/wp\/v2\/tags?post=63899"}],"curies":[{"name":"wp","href":"https:\/\/api.w.org\/{rel}","templated":true}]}}