{"id":63909,"date":"2025-12-02T16:37:07","date_gmt":"2025-12-02T16:37:07","guid":{"rendered":"https:\/\/www.europesays.com\/lv\/63909\/"},"modified":"2025-12-02T16:37:07","modified_gmt":"2025-12-02T16:37:07","slug":"abas-latvijas-3x3-basketbola-izlases-garantejusas-vietu-nakama-gada-pasaules-kausa-finalturnira","status":"publish","type":"post","link":"https:\/\/www.europesays.com\/lv\/63909\/","title":{"rendered":"Abas Latvijas 3&#215;3 basketbola izlases garant\u0113ju\u0161as vietu n\u0101kam\u0101 gada Pasaules kausa fin\u0101lturn\u012br\u0101"},"content":{"rendered":"<p>Starptautisk\u0101 Basketbola feder\u0101cija (FIBA) apstiprin\u0101jusi komandas, kur\u0101m saska\u0146\u0101 ar vietu rangu tabul\u0101 ir ties\u012bbas piedal\u012bties 2026. gada Pasaules kausa izc\u012b\u0146\u0101 3&#215;3 basketbol\u0101, un abas Latvijas izlases nodro\u0161in\u0101ju\u0161as uzreiz sp\u0113l\u0113\u0161anu fin\u0101lturn\u012br\u0101.<\/p>\n<p>Pasaules kausa izc\u012b\u0146a 3\u00d73 basketbol\u0101 notiek kop\u0161 2012. gada, un n\u0101kamgad j\u016bnija pirmaj\u0101s septi\u0146\u0101s dien\u0101s turn\u012brs notiks Var\u0161av\u0101.<\/p>\n<p>Latvijas v\u012brie\u0161u izlase l\u012bdz \u0161im start\u0113jusi se\u0161os turn\u012bros, 2018. gad\u0101 izc\u012bnot sudrabu un 2023. gad\u0101 &#8211; bronzu. V\u0113l tr\u012bs reizes Latvijas komanda izst\u0101jusies ceturtda\u013cfin\u0101l\u0101, taj\u0101 skait\u0101 ar\u012b \u0161\u012b gada fin\u0101lturn\u012br\u0101.<\/p>\n<p>Latvijas sievie\u0161u izlase Pasaules kausa izc\u012b\u0146\u0101 start\u0113ja 2019. un ar\u012b 2025. gad\u0101, kad ce\u013caz\u012bmi izdev\u0101s izc\u012bn\u012bt kvalifik\u0101cijas turn\u012br\u0101. Ab\u0101s reiz\u0113s \u010detr\u0101s sp\u0113l\u0113s tika izc\u012bn\u012bta viena uzvara, un c\u012b\u0146a par kausu beidz\u0101s p\u0113c grupas turn\u012bra.<\/p>\n<p>Pasaules kausa izc\u012b\u0146\u0101 piedal\u012bsies pa 20 v\u012brie\u0161u un sievie\u0161u komand\u0101m.<\/p>\n","protected":false},"excerpt":{"rendered":"Starptautisk\u0101 Basketbola feder\u0101cija (FIBA) apstiprin\u0101jusi komandas, kur\u0101m saska\u0146\u0101 ar vietu rangu tabul\u0101 ir ties\u012bbas piedal\u012bties 2026. gada Pasaules&hellip;\n","protected":false},"author":2,"featured_media":63910,"comment_status":"","ping_status":"","sticky":false,"template":"","format":"standard","meta":{"footnotes":""},"categories":[17],"tags":[41,145,144,1098,35,39,38,36,37,34,40,67],"class_list":{"0":"post-63909","1":"post","2":"type-post","3":"status-publish","4":"format-standard","5":"has-post-thumbnail","7":"category-sports","8":"tag-3x3-basketbols","9":"tag-basketbols","10":"tag-basketbols-latvija","11":"tag-basketbols-pasaule","12":"tag-latvia","13":"tag-latvian","14":"tag-latviesu","15":"tag-latviesu-valoda","16":"tag-latviesuvaloda","17":"tag-latvija","18":"tag-lv","19":"tag-sports"},"share_on_mastodon":{"url":"https:\/\/pubeurope.com\/@lv\/115650956131641136","error":""},"_links":{"self":[{"href":"https:\/\/www.europesays.com\/lv\/wp-json\/wp\/v2\/posts\/63909","targetHints":{"allow":["GET"]}}],"collection":[{"href":"https:\/\/www.europesays.com\/lv\/wp-json\/wp\/v2\/posts"}],"about":[{"href":"https:\/\/www.europesays.com\/lv\/wp-json\/wp\/v2\/types\/post"}],"author":[{"embeddable":true,"href":"https:\/\/www.europesays.com\/lv\/wp-json\/wp\/v2\/users\/2"}],"replies":[{"embeddable":true,"href":"https:\/\/www.europesays.com\/lv\/wp-json\/wp\/v2\/comments?post=63909"}],"version-history":[{"count":0,"href":"https:\/\/www.europesays.com\/lv\/wp-json\/wp\/v2\/posts\/63909\/revisions"}],"wp:featuredmedia":[{"embeddable":true,"href":"https:\/\/www.europesays.com\/lv\/wp-json\/wp\/v2\/media\/63910"}],"wp:attachment":[{"href":"https:\/\/www.europesays.com\/lv\/wp-json\/wp\/v2\/media?parent=63909"}],"wp:term":[{"taxonomy":"category","embeddable":true,"href":"https:\/\/www.europesays.com\/lv\/wp-json\/wp\/v2\/categories?post=63909"},{"taxonomy":"post_tag","embeddable":true,"href":"https:\/\/www.europesays.com\/lv\/wp-json\/wp\/v2\/tags?post=63909"}],"curies":[{"name":"wp","href":"https:\/\/api.w.org\/{rel}","templated":true}]}}