{"id":63918,"date":"2025-12-02T16:46:08","date_gmt":"2025-12-02T16:46:08","guid":{"rendered":"https:\/\/www.europesays.com\/lv\/63918\/"},"modified":"2025-12-02T16:46:08","modified_gmt":"2025-12-02T16:46:08","slug":"sinoptiki-bridina-par-loti-biezu-miglu-izsludinats-oranzais-bridinajums-apollo-lv","status":"publish","type":"post","link":"https:\/\/www.europesays.com\/lv\/63918\/","title":{"rendered":"Sinopti\u0137i br\u012bdina par \u013coti biezu miglu. Izsludin\u0101ts oran\u017eais br\u012bdin\u0101jums &#8211; Apollo.lv"},"content":{"rendered":"<ol>\n<li><a href=\"https:\/\/news.google.com\/rss\/articles\/CBMiowFBVV95cUxNM3RoZnVERFpsR0pEUDdBNE9TcFdWR2VERUkwWERhZkJDaTFyNzgxV0I0LUZkTXZmUnNKZ0MwZFpJZnY1TVJhZXVyelZmRm90RkgyMTRHX3dRZmk1WlRnXzJwY2Q4dmpJUVQ3NkNFRGhXZmpHcDhQMW9aRVZpRW01b096V2VEWC1aTWVqX0EwSU9HdUFzUjhfenBpTURBRE9XUjMw?oc=5\" target=\"_blank\" rel=\"nofollow noopener\">Sinopti\u0137i br\u012bdina par \u013coti biezu miglu. Izsludin\u0101ts oran\u017eais br\u012bdin\u0101jums<\/a>&nbsp;&nbsp;Apollo.lv<\/li>\n<li><a href=\"https:\/\/news.google.com\/rss\/articles\/CBMiqgFBVV95cUxQMVdNMWlUVHlQR0Q4aU5xRGRsaUdoMmhGazgyMXlKR0lXb1J1ZHdadU51aE9qWmRLR0MxanlNZllBZnZESTRzeVVoaWI0VmJhWE80eG5wTnpiVnpvR191M1FfYWEtR0gxaE96MVJ1QW0wVjVoa3ZIY1RwTEI1SmJnbkViSkdJQXBuY3Y1WnE1VHAyR2xiaUFyUFBvLTJSTlBNNmp5Tzc4dXBtQQ?oc=5\" target=\"_blank\" rel=\"nofollow noopener\">Dzeltenais br\u012bdin\u0101jums \u2013 Latviju apv\u012bs bieza migla<\/a>&nbsp;&nbsp;Delfi<\/li>\n<li><a href=\"https:\/\/news.google.com\/rss\/articles\/CBMipwFBVV95cUxNeEt3TnFjdTdWcmJQbjBobldRSkNjMm9fSmZYc0o1TzdmTXBqUXpnanZ3cS11ZVNWR2FyRVdPRUg2NFNfeVZGUDNpenRnb1REQ1h3cjlSWlU3cm9NS0tyMFNUclI2eUtueWpqbXZYYWNMNllrUjZwcGkzRlczSUo1Q3hBeEd0RzRwNXZIVy03MHJCWm9fLVQ5YTJhWU93Vi1uSDNoNUJKSQ?oc=5\" target=\"_blank\" rel=\"nofollow noopener\">Izsludin\u0101ts oran\u017eais br\u012bdin\u0101jums par Latvij\u0101 gaid\u0101majiem laikapst\u0101k\u013ciem<\/a>&nbsp;&nbsp;TVNET &#8211; Laika zi\u0146as<\/li>\n<li><a href=\"https:\/\/news.google.com\/rss\/articles\/CBMinwFBVV95cUxOcHpfVndrekR6OFBwTGlydXpJUENUaThOaU1paTdkYWk5MjU4azIyRTR0a2xtVGNQSmZhcng4Qm94QW9tSENSaDhqZ3RIdWJENEJWMWR1YTlld3hwWERTYUM2MEhkR1lPeDVfQVN6U0xqbzRNSDFZa24xWDhIM2UtckM2MmVnTDNtQVF0UG4xSjRCNFBEMC00Y1ItT3NPMlE?oc=5\" target=\"_blank\" rel=\"nofollow noopener\">Izsludin\u0101ts oran\u017eais br\u012bdin\u0101jums par \u013coti biezu miglu Latvij\u0101<\/a>&nbsp;&nbsp;Jauns.lv<\/li>\n<li><a href=\"https:\/\/news.google.com\/rss\/articles\/CBMiqwFBVV95cUxNbHdhdzBNaE1TVkJtcVpsZU9sYm56cFBOQkxjM3dHVF9XdS1OVldyWjlabHhXX3ExRWpmRUg4NHNob3l4X3I3Ulh0OUNkNDNmLVd6cUVRWWpLQm5wRFdnSG1tNVU4eW1CZGZCT1JDQ3hFNTV3Rk0wMy0wdlRGMEc2cThPMmRVRXRiSmVtSHZlRDhtM0hSdkptdzlVTTA3SE5oSTRqclB0YjNHeTQ?oc=5\" target=\"_blank\" rel=\"nofollow noopener\">Otrdiena Latvij\u0101 paies bez nokri\u0161\u0146iem \/ Raksts<\/a>&nbsp;&nbsp;LSM<\/li>\n<\/ol>\n","protected":false},"excerpt":{"rendered":"Sinopti\u0137i br\u012bdina par \u013coti biezu miglu. Izsludin\u0101ts oran\u017eais br\u012bdin\u0101jums&nbsp;&nbsp;Apollo.lv Dzeltenais br\u012bdin\u0101jums \u2013 Latviju apv\u012bs bieza migla&nbsp;&nbsp;Delfi Izsludin\u0101ts oran\u017eais&hellip;\n","protected":false},"author":2,"featured_media":63919,"comment_status":"","ping_status":"","sticky":false,"template":"","format":"standard","meta":{"footnotes":""},"categories":[12],"tags":[23,28,29,32,33,22,396,397,30,31,35,39,38,36,37,34,40,20,26,27,24,25,21],"class_list":{"0":"post-63918","1":"post","2":"type-post","3":"status-publish","4":"format-standard","5":"has-post-thumbnail","7":"category-latvija","8":"tag-aktualitates","9":"tag-breaking-news","10":"tag-breakingnews","11":"tag-featured-news","12":"tag-featurednews","13":"tag-headlines","14":"tag-laika-zinas","15":"tag-laikapstakli","16":"tag-latest-news","17":"tag-latestnews","18":"tag-latvia","19":"tag-latvian","20":"tag-latviesu","21":"tag-latviesu-valoda","22":"tag-latviesuvaloda","23":"tag-latvija","24":"tag-lv","25":"tag-news","26":"tag-popularakas-zinas","27":"tag-popularakaszinas","28":"tag-top-stories","29":"tag-topstories","30":"tag-zinas"},"share_on_mastodon":{"url":"https:\/\/pubeurope.com\/@lv\/115650991640323218","error":""},"_links":{"self":[{"href":"https:\/\/www.europesays.com\/lv\/wp-json\/wp\/v2\/posts\/63918","targetHints":{"allow":["GET"]}}],"collection":[{"href":"https:\/\/www.europesays.com\/lv\/wp-json\/wp\/v2\/posts"}],"about":[{"href":"https:\/\/www.europesays.com\/lv\/wp-json\/wp\/v2\/types\/post"}],"author":[{"embeddable":true,"href":"https:\/\/www.europesays.com\/lv\/wp-json\/wp\/v2\/users\/2"}],"replies":[{"embeddable":true,"href":"https:\/\/www.europesays.com\/lv\/wp-json\/wp\/v2\/comments?post=63918"}],"version-history":[{"count":0,"href":"https:\/\/www.europesays.com\/lv\/wp-json\/wp\/v2\/posts\/63918\/revisions"}],"wp:featuredmedia":[{"embeddable":true,"href":"https:\/\/www.europesays.com\/lv\/wp-json\/wp\/v2\/media\/63919"}],"wp:attachment":[{"href":"https:\/\/www.europesays.com\/lv\/wp-json\/wp\/v2\/media?parent=63918"}],"wp:term":[{"taxonomy":"category","embeddable":true,"href":"https:\/\/www.europesays.com\/lv\/wp-json\/wp\/v2\/categories?post=63918"},{"taxonomy":"post_tag","embeddable":true,"href":"https:\/\/www.europesays.com\/lv\/wp-json\/wp\/v2\/tags?post=63918"}],"curies":[{"name":"wp","href":"https:\/\/api.w.org\/{rel}","templated":true}]}}